{"id":4033,"date":"2014-03-17T09:24:07","date_gmt":"2014-03-17T12:24:07","guid":{"rendered":"http:\/\/argentinamunicipal.com.ar\/argentina\/?p=4033"},"modified":"2014-03-17T09:24:07","modified_gmt":"2014-03-17T12:24:07","slug":"intendentes-radicales-se-reunieron-con-capitanich-y-recibieron-respaldo-para-la-ejecucion-de-obras","status":"publish","type":"post","link":"http:\/\/argentinamunicipal.com.ar\/argentina\/intendentes-radicales-se-reunieron-con-capitanich-y-recibieron-respaldo-para-la-ejecucion-de-obras\/","title":{"rendered":"Intendentes radicales se reunieron con Capitanich y recibieron respaldo para la ejecuci\u00f3n de obras"},"content":{"rendered":"<p><a href=\"http:\/\/argentinamunicipal.com.ar\/argentina\/wp-content\/uploads\/2014\/03\/81928_n.jpg\"><img loading=\"lazy\" decoding=\"async\" class=\"aligncenter size-full wp-image-4034\" alt=\"81928_n\" src=\"http:\/\/argentinamunicipal.com.ar\/argentina\/wp-content\/uploads\/2014\/03\/81928_n.jpg\" width=\"630\" height=\"420\" srcset=\"http:\/\/argentinamunicipal.com.ar\/argentina\/wp-content\/uploads\/2014\/03\/81928_n.jpg 630w, http:\/\/argentinamunicipal.com.ar\/argentina\/wp-content\/uploads\/2014\/03\/81928_n-300x200.jpg 300w\" sizes=\"auto, (max-width: 630px) 100vw, 630px\" \/><\/a><br \/>\nEl jefe de Gabinete de Ministros, Jorge Capitanich, recibi\u00f3 a intendentes radicales de diferentes localidades del Chaco, con quienes analiz\u00f3 temas relacionados a la ejecuci\u00f3n de obras. Adem\u00e1s se abordaron cuestiones sobre la ejecuci\u00f3n de proyectos que se enmarcan en el Plan M\u00e1s Cerca y de Vialidad Nacional, entre otros.<\/p>\n<p>En primera instancia los intendentes, felicitaron al contador Capitanich por su designaci\u00f3n al frente de la Jefatura de Ministros de la Naci\u00f3n, a quien expresaron personalmente sus \u201caugurios de \u00e9xitos en esta nueva funci\u00f3n, en pos del bienestar de los chaque\u00f1os y todos los argentinos\u201d.<\/p>\n<p>En el c\u00f3nclave Capitanich, estuvo acompa\u00f1ado por el Secretario de Evaluaci\u00f3n Presupuestaria, Fabricio Bolatti quien oficiar\u00e1 de nexo para consultas y seguimiento de obras que el Gobierno Nacional despliega en todo el pa\u00eds.<\/p>\n<p>Entre los puntos m\u00e1s importantes, estuvieron la construcci\u00f3n de Centros Integradores Comunitarios (CIC) para las comunas que a\u00fan no cuentan con una obra de estas caracter\u00edsticas, tratamiento de residuos s\u00f3lidos urbanos, pavimento y acciones relacionadas con Vialidad Nacional. En su mayor\u00eda son obras que se ejecutan en forma directa con el gobierno nacional como lo es el Plan M\u00e1s Cerca, que lleva inaugurada varias obras, algunas en ejecuci\u00f3n y otras a la espera de su continuidad.<\/p>\n<p>En este marco los jefes comunales pudieron exponer detalles de sus proyectos para luego ser guiados por el secretario de Evaluaci\u00f3n Presupuestaria, Fabricio Bolatti, con el objetivo de llegar a buen fin en cada gesti\u00f3n.<\/p>\n<p>De este modo, los intendentes de Uni\u00f3n por Chaco, calificaron como \u201caltamente positiva\u201d la reuni\u00f3n y agradecieron a Capitanich por la predisposici\u00f3n y el buen di\u00e1logo ya que \u201cm\u00e1s all\u00e1 de las diferencias partidarias, se trabaja por el bienestar de los pueblos\u201d.<\/p>\n<p>De este modo, los jefes comunales chaque\u00f1os regresaron con optimismo en cuanto a la ejecuci\u00f3n de cada uno de sus proyectos y a la espera de la convocatoria del primer mandatario de Chaco, Juan Carlos Bacileff Ivanoff con quien deben acordar tambi\u00e9n algunas cuestiones que acontecen a la realidad de estas localidades del interior provincial.<\/p>\n<h6>Fuente: Diario Norte<\/h6>\n","protected":false},"excerpt":{"rendered":"<p>El jefe de Gabinete de Ministros, Jorge Capitanich, recibi\u00f3 a intendentes radicales de diferentes localidades del Chaco, con quienes analiz\u00f3 temas relacionados a la ejecuci\u00f3n de obras. Adem\u00e1s se abordaron cuestiones sobre la ejecuci\u00f3n de proyectos que se enmarcan en el Plan M\u00e1s Cerca y de Vialidad Nacional, entre otros. En primera instancia los intendentes,<\/p>\n","protected":false},"author":2,"featured_media":4034,"comment_status":"closed","ping_status":"closed","sticky":false,"template":"","format":"standard","meta":{"footnotes":""},"categories":[4],"tags":[30],"class_list":["post-4033","post","type-post","status-publish","format-standard","has-post-thumbnail","hentry","category-informe-politico","tag-chaco"],"_links":{"self":[{"href":"http:\/\/argentinamunicipal.com.ar\/argentina\/wp-json\/wp\/v2\/posts\/4033","targetHints":{"allow":["GET"]}}],"collection":[{"href":"http:\/\/argentinamunicipal.com.ar\/argentina\/wp-json\/wp\/v2\/posts"}],"about":[{"href":"http:\/\/argentinamunicipal.com.ar\/argentina\/wp-json\/wp\/v2\/types\/post"}],"author":[{"embeddable":true,"href":"http:\/\/argentinamunicipal.com.ar\/argentina\/wp-json\/wp\/v2\/users\/2"}],"replies":[{"embeddable":true,"href":"http:\/\/argentinamunicipal.com.ar\/argentina\/wp-json\/wp\/v2\/comments?post=4033"}],"version-history":[{"count":0,"href":"http:\/\/argentinamunicipal.com.ar\/argentina\/wp-json\/wp\/v2\/posts\/4033\/revisions"}],"wp:featuredmedia":[{"embeddable":true,"href":"http:\/\/argentinamunicipal.com.ar\/argentina\/wp-json\/wp\/v2\/media\/4034"}],"wp:attachment":[{"href":"http:\/\/argentinamunicipal.com.ar\/argentina\/wp-json\/wp\/v2\/media?parent=4033"}],"wp:term":[{"taxonomy":"category","embeddable":true,"href":"http:\/\/argentinamunicipal.com.ar\/argentina\/wp-json\/wp\/v2\/categories?post=4033"},{"taxonomy":"post_tag","embeddable":true,"href":"http:\/\/argentinamunicipal.com.ar\/argentina\/wp-json\/wp\/v2\/tags?post=4033"}],"curies":[{"name":"wp","href":"https:\/\/api.w.org\/{rel}","templated":true}]}}