{"id":4050,"date":"2014-03-17T09:38:23","date_gmt":"2014-03-17T12:38:23","guid":{"rendered":"http:\/\/argentinamunicipal.com.ar\/argentina\/?p=4050"},"modified":"2014-03-17T09:38:23","modified_gmt":"2014-03-17T12:38:23","slug":"paris-restringe-el-ingreso-de-autos-por-los-niveles-record-de-contaminacion","status":"publish","type":"post","link":"http:\/\/argentinamunicipal.com.ar\/argentina\/paris-restringe-el-ingreso-de-autos-por-los-niveles-record-de-contaminacion\/","title":{"rendered":"Par\u00eds restringe el ingreso de autos por los niveles r\u00e9cord de contaminaci\u00f3n"},"content":{"rendered":"<p><a href=\"http:\/\/argentinamunicipal.com.ar\/argentina\/wp-content\/uploads\/2014\/03\/paris-2.jpg\"><img loading=\"lazy\" decoding=\"async\" class=\"aligncenter size-full wp-image-4051\" alt=\"paris-2\" src=\"http:\/\/argentinamunicipal.com.ar\/argentina\/wp-content\/uploads\/2014\/03\/paris-2.jpg\" width=\"1040\" height=\"641\" srcset=\"http:\/\/argentinamunicipal.com.ar\/argentina\/wp-content\/uploads\/2014\/03\/paris-2.jpg 1040w, http:\/\/argentinamunicipal.com.ar\/argentina\/wp-content\/uploads\/2014\/03\/paris-2-300x184.jpg 300w, http:\/\/argentinamunicipal.com.ar\/argentina\/wp-content\/uploads\/2014\/03\/paris-2-1024x631.jpg 1024w\" sizes=\"auto, (max-width: 1040px) 100vw, 1040px\" \/><\/a><\/p>\n<p>El gobierno franc\u00e9s impondr\u00e1 desde hoy restricciones a la circulaci\u00f3n de autom\u00f3viles en Par\u00eds y sus alrededores, una medida in\u00e9dita en casi dos d\u00e9cadas, ante niveles de alerta por contaminaci\u00f3n atmosf\u00e9rica.<\/p>\n<p>El gobierno franc\u00e9s impondr\u00e1 desde hoy restricciones a la circulaci\u00f3n de autom\u00f3viles en Par\u00eds y sus alrededores, una medida in\u00e9dita en casi dos d\u00e9cadas, ante niveles de alerta por contaminaci\u00f3n atmosf\u00e9rica.<\/p>\n<p>En un esfuerzo por combatir los niveles de part\u00edculas finas en suspensi\u00f3n que han batido en los \u00faltimos d\u00edas un r\u00e9cord hist\u00f3rico en la capital francesa, las autoridades anunciaron tambi\u00e9n desde el jueves la gratuidad temporal de los transportes p\u00fablicos, para incentivar a las personas a dejar sus veh\u00edculos en sus casas.<\/p>\n<p>La medida de circulaci\u00f3n alternada (seg\u00fan el n\u00famero de matr\u00edcula, par o impar de acuerdo al d\u00eda) entrar\u00e1 en vigor en Par\u00eds y en 22 comunas lim\u00edtrofes a partir de las 5.30 locales de hoy.<\/p>\n<p>Unos 700 polic\u00edas ser\u00e1n desplegados para asegurarse que transiten s\u00f3lo veh\u00edculos y motocicletas con matr\u00edculas que terminan en n\u00fameros impares.<\/p>\n<p>Las veh\u00edculos el\u00e9ctricos e h\u00edbridos estar\u00e1n exentos de la prohibici\u00f3n, as\u00ed como cualquier veh\u00edculo que transporte a un m\u00ednimo de tres personas. Adem\u00e1s, el estacionamiento ser\u00e1 gratuito para los veh\u00edculos con n\u00fameros pares, anunci\u00f3 la alcald\u00eda de Par\u00eds, que alent\u00f3 a la gente a compartir sus autos con vecinos o amigos.<\/p>\n<p>Las autoridades decidir\u00e1n hoy sobre la posible prolongaci\u00f3n de estas medidas, seg\u00fan los resultados obtenidos.<\/p>\n<p>El actual episodio de contaminaci\u00f3n que afecta a la capital francesa desde hace casi una semana, se ve favorecido por condiciones anticicl\u00f3nicas y la sucesi\u00f3n de las noches fr\u00edas y d\u00edas c\u00e1lidos que impiden la dispersi\u00f3n de contaminantes.<\/p>\n<p>La asociaci\u00f3n de Autom\u00f3vil Club francesa (ACA), que cuenta con 760 mil miembros, denunci\u00f3 sin embargo medidas \u00abprecipitadas e ineficaces\u00bb que provocar\u00e1n un \u00abcaos\u00bb. \u00abEste tipo de medidas no ha tenido ning\u00fan resultado en cualquier pa\u00eds donde ha sido aplicada\u00bb, sentenci\u00f3 el presidente de ACA, Didier Bollecker.<\/p>\n<p>\u00abLos conductores est\u00e1n en la mira (de las autoridades), a pesar de que la calefacci\u00f3n es a\u00fan m\u00e1s contaminante, pero nadie est\u00e1 pidiendo que se alterne el uso de la calefacci\u00f3n\u00bb, dice.<\/p>\n<p>El nivel de part\u00edculas finas en suspensi\u00f3n cay\u00f3 ligeramente el s\u00e1bado, despu\u00e9s de haber alcanzado el viernes un m\u00e1ximo de 180 microgramos por metro c\u00fabico, m\u00e1s del doble del l\u00edmite de seguridad.<\/p>\n<p>Estas llamadas part\u00edculas PM10 son creadas por los veh\u00edculos, la industria y los sistemas de calefacci\u00f3n. \u00abEntendemos perfectamente las dificultades, las molestias e incluso la ira que puede crear entre los automovilistas que se ver\u00e1n afectados por estas medidas. Pero deb\u00edamos tomar esta decisi\u00f3n\u00bb, sostuvo el ministro de Medio ambiente, Philippe Martin.<\/p>\n<h6>Fuente: La Capital de Rosario<\/h6>\n","protected":false},"excerpt":{"rendered":"<p>El gobierno franc\u00e9s impondr\u00e1 desde hoy restricciones a la circulaci\u00f3n de autom\u00f3viles en Par\u00eds y sus alrededores, una medida in\u00e9dita en casi dos d\u00e9cadas, ante niveles de alerta por contaminaci\u00f3n atmosf\u00e9rica. El gobierno franc\u00e9s impondr\u00e1 desde hoy restricciones a la circulaci\u00f3n de autom\u00f3viles en Par\u00eds y sus alrededores, una medida in\u00e9dita en casi dos d\u00e9cadas,<\/p>\n","protected":false},"author":1,"featured_media":4051,"comment_status":"closed","ping_status":"closed","sticky":false,"template":"","format":"standard","meta":{"footnotes":""},"categories":[22],"tags":[57],"class_list":["post-4050","post","type-post","status-publish","format-standard","has-post-thumbnail","hentry","category-el-mundo","tag-el-mundo"],"_links":{"self":[{"href":"http:\/\/argentinamunicipal.com.ar\/argentina\/wp-json\/wp\/v2\/posts\/4050","targetHints":{"allow":["GET"]}}],"collection":[{"href":"http:\/\/argentinamunicipal.com.ar\/argentina\/wp-json\/wp\/v2\/posts"}],"about":[{"href":"http:\/\/argentinamunicipal.com.ar\/argentina\/wp-json\/wp\/v2\/types\/post"}],"author":[{"embeddable":true,"href":"http:\/\/argentinamunicipal.com.ar\/argentina\/wp-json\/wp\/v2\/users\/1"}],"replies":[{"embeddable":true,"href":"http:\/\/argentinamunicipal.com.ar\/argentina\/wp-json\/wp\/v2\/comments?post=4050"}],"version-history":[{"count":0,"href":"http:\/\/argentinamunicipal.com.ar\/argentina\/wp-json\/wp\/v2\/posts\/4050\/revisions"}],"wp:featuredmedia":[{"embeddable":true,"href":"http:\/\/argentinamunicipal.com.ar\/argentina\/wp-json\/wp\/v2\/media\/4051"}],"wp:attachment":[{"href":"http:\/\/argentinamunicipal.com.ar\/argentina\/wp-json\/wp\/v2\/media?parent=4050"}],"wp:term":[{"taxonomy":"category","embeddable":true,"href":"http:\/\/argentinamunicipal.com.ar\/argentina\/wp-json\/wp\/v2\/categories?post=4050"},{"taxonomy":"post_tag","embeddable":true,"href":"http:\/\/argentinamunicipal.com.ar\/argentina\/wp-json\/wp\/v2\/tags?post=4050"}],"curies":[{"name":"wp","href":"https:\/\/api.w.org\/{rel}","templated":true}]}}