{"id":40554,"date":"2015-12-16T07:51:20","date_gmt":"2015-12-16T10:51:20","guid":{"rendered":"http:\/\/argentinamunicipal.com.ar\/argentina\/?p=40554"},"modified":"2015-12-16T07:51:20","modified_gmt":"2015-12-16T10:51:20","slug":"rafaela-piden-los-municipios-compartan-la-conduccion-la-policia","status":"publish","type":"post","link":"http:\/\/argentinamunicipal.com.ar\/argentina\/rafaela-piden-los-municipios-compartan-la-conduccion-la-policia\/","title":{"rendered":"Rafaela: Piden que los municipios compartan la conducci\u00f3n de la Polic\u00eda"},"content":{"rendered":"<p><a href=\"http:\/\/argentinamunicipal.com.ar\/argentina\/wp-content\/uploads\/2015\/12\/20-A-RAFAELA_fmt.jpeg\"><img loading=\"lazy\" decoding=\"async\" class=\"alignleft size-full wp-image-40555\" src=\"http:\/\/argentinamunicipal.com.ar\/argentina\/wp-content\/uploads\/2015\/12\/20-A-RAFAELA_fmt.jpeg\" alt=\"20-A-RAFAELA_fmt\" width=\"278\" height=\"226\" \/><\/a>Al asumir su segundo mandato consecutivo, Luis Castellano adelant\u00f3 que solicitar\u00e1 a los poderes Ejecutivo y Legislativo provinciales que \u201cencuentren un mecanismo legal y administrativo que permita a los municipios compartir la tarea de conducir las fuerzas policiales que operan en la ciudad\u201d.<\/p>\n<p>El planteo que formular\u00e1 a las autoridades que asumieron recientemente fue hecho p\u00fablico durante el acto realizado en la noche del pasado viernes, que sirvi\u00f3 de marco para repasar sus primeros cuatro a\u00f1os de gesti\u00f3n y la toma de juramento a los integrantes del gabinete que lo acompa\u00f1ar\u00e1n en el nuevo mandato.<\/p>\n<p>Tras la enumeraci\u00f3n de las obras y pol\u00edticas desarrolladas por su administraci\u00f3n a trav\u00e9s de un video, llegaron las palabras de Castellano impregnadas de una permanente exhortaci\u00f3n al di\u00e1logo y el consenso para \u201centre todos\u201d lograr una ciudad \u201ccada vez m\u00e1s ordenada, m\u00e1s linda y sustentable\u201d, pero tambi\u00e9n \u201cm\u00e1s segura y m\u00e1s tranquila\u201d. Y aferr\u00e1ndose a estas dos \u00faltimas aspiraciones se adentr\u00f3 de lleno en lo que defini\u00f3 como \u201cla problem\u00e1tica m\u00e1s importante y preocupante: la inseguridad\u201d.<\/p>\n<p>\u201cLos vecinos nos ponen a los gobernantes locales en la primera fila de las exigencias y asumimos esa responsabilidad, porque nos eligieron para representarlos. Pero tambi\u00e9n quiero se\u00f1alar que los intendentes y presidentes comunales hoy nos encontramos con las manos atadas, porque la legislaci\u00f3n vigente no nos permite ir m\u00e1s all\u00e1 de lo que hacemos\u201d, dijo Castellano para dejar en claro la limitaci\u00f3n que enfrentan los municipios en la lucha contra el delito y el narcotr\u00e1fico.<\/p>\n<p>Frente a esta situaci\u00f3n, el mandatario se pregunt\u00f3 sino lleg\u00f3 la hora de que los intendentes \u201ccomiencen a hacerse cargo de las fuerzas de seguridad, que puedan portar armas y puedan detener personas como viene sucediendo con tantas otras responsabilidades\u201d. Y enseguida se respondi\u00f3: \u201cCreemos que mucho antes de lo que hubi\u00e9ramos imaginado, la respuesta es s\u00ed\u201d.<\/p>\n<p>Por ello y con \u00e9nfasis, lanz\u00f3 el desaf\u00edo de plantearle a los poderes Ejecutivo y Legislativo \u201cque encuentren un mecanismo legal y administrativo que permita a los municipios compartir con las autoridades provinciales la tarea de conducir las fuerzas policiales que operan en la ciudad\u201d.<\/p>\n<p><strong>Nueva pol\u00edtica de seguridad<\/strong><\/p>\n<p>\u201cNo podemos seguir tir\u00e1ndonos responsabilidades unos a otros, ignorando el clamor de nuestros vecinos, que es el sufrimiento y la angustia de nuestras familias\u201d, lament\u00f3 el mandatario, al tiempo que anticip\u00f3 su deseo de \u201cdiscutir de manera inmediata\u201d con los concejales, legisladores provinciales y nacionales, jueces y los gobiernos de Miguel Lifschitz y Mauricio Macri, \u201cuna nueva pol\u00edtica de seguridad\u201d y un \u201csistema m\u00e1s eficaz, en el que los delincuentes no entren por una puerta y salgan por la otra\u201d.<\/p>\n<p>Pero el titular del departamento Ejecutivo rafaelino fue m\u00e1s all\u00e1 y reclam\u00f3 tambi\u00e9n \u201cdeterminaciones efectivas para frenar la comercializaci\u00f3n de droga en peque\u00f1a escala porque \u201cen el consumo de estupefacientes reside el origen mayoritario de las situaciones de inseguridad que padecemos\u201d por lo que pidi\u00f3 que la Provincia \u201cadhiera a la Ley de Narcomenudeo, que permite a las fuerzas provinciales actuar en los casos puntuales que suceden en nuestros barrios y ciudades\u201d.<\/p>\n<p>Asimismo, el intendente manifest\u00f3 que requerir\u00e1 al gobierno nacional que la Gendarmer\u00eda permanezca en Rafaela, \u201cporque ha logrado avances importantes y ser\u00eda un retroceso su retiro\u201d.<\/p>\n<p><strong>Gabinete Social<\/strong><\/p>\n<p>En otro orden y mientras se aguarda de los niveles superiores del Estado las respuestas a estos planteos, Castellano asegur\u00f3 que desde el municipio se seguir\u00e1n fortaleciendo las pol\u00edticas preventivas y organismos afectados a tal efecto como la Guardia Urbana y el Centro de Videomonitoreo a los que se les proveer\u00e1 de \u201cm\u00e1s personal, m\u00e1s equipamiento, m\u00e1s m\u00f3viles, m\u00e1s capacitaci\u00f3n, y se reforzar\u00e1n los esquemas de llegada a los vecinos, con m\u00e1s patrullajes, tanto de a pie como motorizados\u201d.<\/p>\n<p>De todas maneras, el intendente aclar\u00f3 que la prevenci\u00f3n \u201cdebe ser integral y requiere una llegada m\u00e1s profunda, a las ra\u00edces mismas del problema\u201d.<\/p>\n<p>Y en este sentido destac\u00f3 la puesta en funcionamiento de un Gabinete Social, \u201cun espacio que coordinar\u00e1 los esfuerzos de Desarrollo Social, Educaci\u00f3n, Empleo, Cultura, Vivienda, Salud, Deportes y Participaci\u00f3n; un bloque de trabajo que articular\u00e1 sus acciones con organismos provinciales y nacionales.<\/p>\n<p>\u201cDebemos profundizar los alcances del Estado, es necesario que nuestros equipos sociales se vean cara a cara con las duras problem\u00e1ticas de vulnerabilidad de cada hogar y de cada integrante, que las pol\u00edticas lleguen casi hasta la mesa familiar, con el trabajo articulado de las instituciones\u201d, afirm\u00f3 de manera contundente para ponderar las expectativas que se depositan en este Gabinete.<\/p>\n<h6>Fuente: El Litoral, Santa Fe<\/h6>\n","protected":false},"excerpt":{"rendered":"<p>Al asumir su segundo mandato consecutivo, Luis Castellano adelant\u00f3 que solicitar\u00e1 a los poderes Ejecutivo y Legislativo provinciales que \u201cencuentren un mecanismo legal y administrativo que permita a los municipios compartir la tarea de conducir las fuerzas policiales que operan en la ciudad\u201d. El planteo que formular\u00e1 a las autoridades que asumieron recientemente fue hecho<\/p>\n","protected":false},"author":2,"featured_media":40555,"comment_status":"closed","ping_status":"closed","sticky":false,"template":"","format":"standard","meta":{"footnotes":""},"categories":[49],"tags":[10],"class_list":["post-40554","post","type-post","status-publish","format-standard","has-post-thumbnail","hentry","category-seguridad","tag-santa-fe"],"_links":{"self":[{"href":"http:\/\/argentinamunicipal.com.ar\/argentina\/wp-json\/wp\/v2\/posts\/40554","targetHints":{"allow":["GET"]}}],"collection":[{"href":"http:\/\/argentinamunicipal.com.ar\/argentina\/wp-json\/wp\/v2\/posts"}],"about":[{"href":"http:\/\/argentinamunicipal.com.ar\/argentina\/wp-json\/wp\/v2\/types\/post"}],"author":[{"embeddable":true,"href":"http:\/\/argentinamunicipal.com.ar\/argentina\/wp-json\/wp\/v2\/users\/2"}],"replies":[{"embeddable":true,"href":"http:\/\/argentinamunicipal.com.ar\/argentina\/wp-json\/wp\/v2\/comments?post=40554"}],"version-history":[{"count":0,"href":"http:\/\/argentinamunicipal.com.ar\/argentina\/wp-json\/wp\/v2\/posts\/40554\/revisions"}],"wp:featuredmedia":[{"embeddable":true,"href":"http:\/\/argentinamunicipal.com.ar\/argentina\/wp-json\/wp\/v2\/media\/40555"}],"wp:attachment":[{"href":"http:\/\/argentinamunicipal.com.ar\/argentina\/wp-json\/wp\/v2\/media?parent=40554"}],"wp:term":[{"taxonomy":"category","embeddable":true,"href":"http:\/\/argentinamunicipal.com.ar\/argentina\/wp-json\/wp\/v2\/categories?post=40554"},{"taxonomy":"post_tag","embeddable":true,"href":"http:\/\/argentinamunicipal.com.ar\/argentina\/wp-json\/wp\/v2\/tags?post=40554"}],"curies":[{"name":"wp","href":"https:\/\/api.w.org\/{rel}","templated":true}]}}