{"id":40606,"date":"2015-12-18T06:00:27","date_gmt":"2015-12-18T09:00:27","guid":{"rendered":"http:\/\/argentinamunicipal.com.ar\/argentina\/?p=40606"},"modified":"2015-12-18T05:58:16","modified_gmt":"2015-12-18T08:58:16","slug":"festram-santa-fe-reclama-al-gobierno-la-convocatoria-paritarias","status":"publish","type":"post","link":"http:\/\/argentinamunicipal.com.ar\/argentina\/festram-santa-fe-reclama-al-gobierno-la-convocatoria-paritarias\/","title":{"rendered":"FESTRAM Santa Fe reclama al Gobierno la convocatoria a Paritarias"},"content":{"rendered":"<p><a href=\"http:\/\/argentinamunicipal.com.ar\/argentina\/wp-content\/uploads\/2015\/12\/multimedia.normal.8089c03a640306f3.6e6f726d616c2e6a7067.jpg\"><img loading=\"lazy\" decoding=\"async\" class=\"aligncenter  wp-image-40607\" src=\"http:\/\/argentinamunicipal.com.ar\/argentina\/wp-content\/uploads\/2015\/12\/multimedia.normal.8089c03a640306f3.6e6f726d616c2e6a7067.jpg\" alt=\"multimedia.normal.8089c03a640306f3.6e6f726d616c2e6a7067\" width=\"691\" height=\"518\" srcset=\"http:\/\/argentinamunicipal.com.ar\/argentina\/wp-content\/uploads\/2015\/12\/multimedia.normal.8089c03a640306f3.6e6f726d616c2e6a7067.jpg 800w, http:\/\/argentinamunicipal.com.ar\/argentina\/wp-content\/uploads\/2015\/12\/multimedia.normal.8089c03a640306f3.6e6f726d616c2e6a7067-300x225.jpg 300w, http:\/\/argentinamunicipal.com.ar\/argentina\/wp-content\/uploads\/2015\/12\/multimedia.normal.8089c03a640306f3.6e6f726d616c2e6a7067-768x576.jpg 768w\" sizes=\"auto, (max-width: 691px) 100vw, 691px\" \/><\/a><br \/>\nEl Plenario de Secretarios Generales de la Federaci\u00f3n de Sindicatos de Trabajadores Municipales (FESTRAM) resolvi\u00f3 reclamar una urgente audiencia al Secretario de Regiones, Municipios y Comunas con el objeto de establecer el \u00e1mbito institucional de negociaci\u00f3n colectiva con los Intendentes y Presidentes de Comunas.<\/p>\n<p>El gremio, quiere discutir las medidas correspondientes que permitan compensar el grave deterioro de los salarios del sector, que como consecuencia de la escalada de precios ocurrida en estos d\u00edas, ha generado una vertiginosa ca\u00edda en el poder adquisitivo de los trabajadores.<\/p>\n<p>Tambi\u00e9n, el reclamo alcanza a la necesidad de compatibilizar el planteo de los trabajadores con las dificultades que presentan un importante n\u00famero de Municipios y Comunas para afrontar el pago de sueldo y aguinaldo. Por esa raz\u00f3n, FESTRAM considera imperioso iniciar un inmediato proceso de negociaci\u00f3n, que asegure resolver con equidad una compensaci\u00f3n salarial y la optimizaci\u00f3n de los recursos municipales para alcanzar el objetivo. En esta situaci\u00f3n, el gremio provincial, considera urgente y prioritario iniciar un di\u00e1logo cuya demora pondr\u00eda al sector en una situaci\u00f3n conflictiva, que puede evitarse con la conformaci\u00f3n de la mesa paritaria.<\/p>\n<p><strong>Estado de Alerta por despidos y reducciones salariales<\/strong><\/p>\n<p>Por otra parte, se dispuso el Estado de Alerta frente a los despidos de Trabajadores Municipales en San Carlos Centro y Comuna de Gaboto, y el intento de reducci\u00f3n de los salarios en la Municipalidad de Villa Ocampo, donde los trabajadores en Asamblea decretaron iniciar un plan de lucha a partir del d\u00eda lunes, en caso que no se proceda a dejar sin efecto el avance del proyecto de Ordenanza elevado al Concejo Municipal.<\/p>\n<p>FESTRAM responsabiliza a esos Intendentes por perturbar la paz social en momentos donde la actitud p\u00fablica exige del di\u00e1logo y la concertaci\u00f3n para buscar las soluciones. Estas decisiones unilaterales y autoritarias, violentando el derecho de los trabajadores, indefectiblemente conducir\u00e1n al conflicto.<\/p>\n<p>Los Sindicatos involucrados agotar\u00e1n las v\u00edas legales y administrativas para resolver estas situaciones, pero FESTRAM advierte que no tolerar\u00e1 bajo ninguna circunstancia la violaci\u00f3n al principio constitucional de la Estabilidad de los trabajadores del sector p\u00fablico municipal o comunal.<\/p>\n<p><strong>Plazo para el pago del SAC: 18 de diciembre<\/strong><\/p>\n<p>El Plenario facult\u00f3 al Consejo Directivo de FESTRAM para disponer las medidas que considere correspondientes para el cumplimiento de sus resoluciones y dispuso en ese marco, que el plazo m\u00e1ximo para el pago de la 2\u00b0 cuota del SAC\/2015, se establece en el d\u00eda 18 de Diciembre.<\/p>\n<h6>\u00a0Fuente: Prensa FESTRAM<\/h6>\n","protected":false},"excerpt":{"rendered":"<p>El Plenario de Secretarios Generales de la Federaci\u00f3n de Sindicatos de Trabajadores Municipales (FESTRAM) resolvi\u00f3 reclamar una urgente audiencia al Secretario de Regiones, Municipios y Comunas con el objeto de establecer el \u00e1mbito institucional de negociaci\u00f3n colectiva con los Intendentes y Presidentes de Comunas. El gremio, quiere discutir las medidas correspondientes que permitan compensar el<\/p>\n","protected":false},"author":2,"featured_media":40607,"comment_status":"closed","ping_status":"closed","sticky":false,"template":"","format":"standard","meta":{"footnotes":""},"categories":[7],"tags":[10],"class_list":["post-40606","post","type-post","status-publish","format-standard","has-post-thumbnail","hentry","category-informe-sindical","tag-santa-fe"],"_links":{"self":[{"href":"http:\/\/argentinamunicipal.com.ar\/argentina\/wp-json\/wp\/v2\/posts\/40606","targetHints":{"allow":["GET"]}}],"collection":[{"href":"http:\/\/argentinamunicipal.com.ar\/argentina\/wp-json\/wp\/v2\/posts"}],"about":[{"href":"http:\/\/argentinamunicipal.com.ar\/argentina\/wp-json\/wp\/v2\/types\/post"}],"author":[{"embeddable":true,"href":"http:\/\/argentinamunicipal.com.ar\/argentina\/wp-json\/wp\/v2\/users\/2"}],"replies":[{"embeddable":true,"href":"http:\/\/argentinamunicipal.com.ar\/argentina\/wp-json\/wp\/v2\/comments?post=40606"}],"version-history":[{"count":0,"href":"http:\/\/argentinamunicipal.com.ar\/argentina\/wp-json\/wp\/v2\/posts\/40606\/revisions"}],"wp:featuredmedia":[{"embeddable":true,"href":"http:\/\/argentinamunicipal.com.ar\/argentina\/wp-json\/wp\/v2\/media\/40607"}],"wp:attachment":[{"href":"http:\/\/argentinamunicipal.com.ar\/argentina\/wp-json\/wp\/v2\/media?parent=40606"}],"wp:term":[{"taxonomy":"category","embeddable":true,"href":"http:\/\/argentinamunicipal.com.ar\/argentina\/wp-json\/wp\/v2\/categories?post=40606"},{"taxonomy":"post_tag","embeddable":true,"href":"http:\/\/argentinamunicipal.com.ar\/argentina\/wp-json\/wp\/v2\/tags?post=40606"}],"curies":[{"name":"wp","href":"https:\/\/api.w.org\/{rel}","templated":true}]}}