{"id":40648,"date":"2015-12-17T08:22:01","date_gmt":"2015-12-17T11:22:01","guid":{"rendered":"http:\/\/argentinamunicipal.com.ar\/argentina\/?p=40648"},"modified":"2015-12-17T08:22:01","modified_gmt":"2015-12-17T11:22:01","slug":"desde-la-oit-resaltan-condiciones-lograr-pobreza-cero-pais","status":"publish","type":"post","link":"http:\/\/argentinamunicipal.com.ar\/argentina\/desde-la-oit-resaltan-condiciones-lograr-pobreza-cero-pais\/","title":{"rendered":"Desde la OIT resaltan que hay condiciones para lograr pobreza cero en el pa\u00eds"},"content":{"rendered":"<p><a href=\"http:\/\/argentinamunicipal.com.ar\/argentina\/wp-content\/uploads\/2015\/12\/IMG_1615.jpg\"><img loading=\"lazy\" decoding=\"async\" class=\"aligncenter  wp-image-40649\" src=\"http:\/\/argentinamunicipal.com.ar\/argentina\/wp-content\/uploads\/2015\/12\/IMG_1615.jpg\" alt=\"IMG_1615\" width=\"660\" height=\"440\" srcset=\"http:\/\/argentinamunicipal.com.ar\/argentina\/wp-content\/uploads\/2015\/12\/IMG_1615.jpg 2000w, http:\/\/argentinamunicipal.com.ar\/argentina\/wp-content\/uploads\/2015\/12\/IMG_1615-300x200.jpg 300w, http:\/\/argentinamunicipal.com.ar\/argentina\/wp-content\/uploads\/2015\/12\/IMG_1615-768x512.jpg 768w, http:\/\/argentinamunicipal.com.ar\/argentina\/wp-content\/uploads\/2015\/12\/IMG_1615-1024x682.jpg 1024w\" sizes=\"auto, (max-width: 660px) 100vw, 660px\" \/><\/a><\/p>\n<p>Su director regional, Jos\u00e9 Manuel Salazar, consider\u00f3 que se podr\u00eda lograr ese objetivo en la Argentina a partir de la generaci\u00f3n y calidad del empleo, aunque advirti\u00f3 sobre \u00abretos muy complicados\u00bb, comunes en la regi\u00f3n, como el cambio de la estructura productiva.<\/p>\n<p>\u00abHay un pa\u00eds lleno de fortalezas y oportunidades; hay entusiasmo y expectativas del sector empresarial y del sindical por un nuevo comienzo cargado de oportunidades; claro que hay retos muy complicados; pero por lo que (el presidente Mauricio) Macri dijo, el tema del desarrollo productivo para m\u00e1s empleo como elemento central de pobreza cero est\u00e1 all\u00ed\u00bb, evalu\u00f3 Salazar, en di\u00e1logo con T\u00e9lam, tras participar el m como invitado de la 21ra. Conferencia de la Uni\u00f3n Industrial Argentina.<\/p>\n<p>El tema del desarrollo productivo, eje central de la exposici\u00f3n del director regional ante los empresarios industriales en Parque Norte, apunta a modificar la estructura productiva de Am\u00e9rica latina, donde existen alta concentraci\u00f3n econ\u00f3mica, brechas muy amplias de productividad e innovaci\u00f3n, y donde siete de cada diez empresas creadas son informales y la mitad de los trabajadores est\u00e1n precarizados.<\/p>\n<p>\u00abPara reducir estas brechas y lograr trabajo decente no basta con reforzar las inspecciones laborales sino que es necesario cambiar la estructura del empleo. La pobreza cero no es posible sin empleo\u00bb, defini\u00f3, y postul\u00f3 para ello la necesidad de pol\u00edticas de desarrollo.<\/p>\n<p>Las pol\u00edticas son para \u00abinfluir en la velocidad y el patr\u00f3n de crecimiento\u00bb, tanto para \u00abmover obst\u00e1culos como para apoyar. Deben ser una combinaci\u00f3n de incentivos porque estamos hablando de inversiones en el sector privado\u00bb, explic\u00f3.<\/p>\n<p>Uno de los pilares de estas pol\u00edticas son los clusters (red de empresas de un mismo sector), \u00abmuy convenientes en Argentina que es un pa\u00eds muy grande con regiones especializadas en determinadas actividades\u00bb, precis\u00f3.<\/p>\n<p>Tambi\u00e9n relev\u00f3 como un eje importante la inserci\u00f3n en las cadenas de valor, lo que \u00abimplica un reto para todo tipo de empresas\u00bb, ya que \u00abse deben tener en cuenta los est\u00e1ndares ambientales y laborales\u00bb<\/p>\n<p>\u00abEl otro pilar del desarrollo productivo es la calificaci\u00f3n de los recursos humanos. La educaci\u00f3n y capacitaci\u00f3n no solo debe apuntar a lo t\u00e9cnico, sino tambi\u00e9n a las habilidades blancas, como puntualidad, car\u00e1cter, actitud, trabajo en equipo\u00bb, sostuvo.<\/p>\n<p>Salazar mencion\u00f3 como otro gran componente a la innovaci\u00f3n, que consider\u00f3 \u00abmuy descuidada\u00bb en Am\u00e9rica latina, en cuanto a inversi\u00f3n, investigaci\u00f3n y desarrollo, aunque tambi\u00e9n resalt\u00f3 la importancia de un entorno propicio y el \u00abempresarialismo\u00bb impulsor de emprendimientos, incubadoras o rector\u00edas.<\/p>\n<p>El funcionario de la entidad tripartita se\u00f1al\u00f3 que los resultados de estas pol\u00edticas de desarrollo se ven con el tiempo y requieren definiciones no solo de un gobierno sino de varios.<\/p>\n<p>Por otra parte, Salazar se refiri\u00f3 al aumento del \u00edndice del desempleo en la regi\u00f3n, detectado en el Panorama Laboral de Am\u00e9rica latina y el Caribe, difundido hace pocos d\u00edas, y lo atribuy\u00f3 a \u00abuna importante desaceleraci\u00f3n econ\u00f3mica, que no es homog\u00e9nea\u00bb.<\/p>\n<p>\u00abHay diferencias entre el norte de Am\u00e9rica latina y Centroam\u00e9rica y Am\u00e9rica del Sur. Esta \u00faltima tiende a ser m\u00e1s dependiente en el comercio de productos primarios, mineros, alimentos, petroleo, mientras que en Centroam\u00e9rica no hay tanta dependencia est\u00e1 m\u00e1s diversificada y muy vinculado con la uni\u00f3n norteamericana (Nafta) que est\u00e1 creciendo un poco m\u00e1s\u00bb, precis\u00f3.<\/p>\n<p>Seg\u00fan Salazar, en 2016 se van a acentuar los impactos en el mercado del trabajo y habr\u00e1 un deterioro de la tasa de empleo y de la calidad.<\/p>\n<h6>Fuente: T\u00e9lam<\/h6>\n","protected":false},"excerpt":{"rendered":"<p>Su director regional, Jos\u00e9 Manuel Salazar, consider\u00f3 que se podr\u00eda lograr ese objetivo en la Argentina a partir de la generaci\u00f3n y calidad del empleo, aunque advirti\u00f3 sobre \u00abretos muy complicados\u00bb, comunes en la regi\u00f3n, como el cambio de la estructura productiva. \u00abHay un pa\u00eds lleno de fortalezas y oportunidades; hay entusiasmo y expectativas del<\/p>\n","protected":false},"author":2,"featured_media":40649,"comment_status":"closed","ping_status":"closed","sticky":false,"template":"","format":"standard","meta":{"footnotes":""},"categories":[8],"tags":[21],"class_list":["post-40648","post","type-post","status-publish","format-standard","has-post-thumbnail","hentry","category-informe-nacional","tag-argentina"],"_links":{"self":[{"href":"http:\/\/argentinamunicipal.com.ar\/argentina\/wp-json\/wp\/v2\/posts\/40648","targetHints":{"allow":["GET"]}}],"collection":[{"href":"http:\/\/argentinamunicipal.com.ar\/argentina\/wp-json\/wp\/v2\/posts"}],"about":[{"href":"http:\/\/argentinamunicipal.com.ar\/argentina\/wp-json\/wp\/v2\/types\/post"}],"author":[{"embeddable":true,"href":"http:\/\/argentinamunicipal.com.ar\/argentina\/wp-json\/wp\/v2\/users\/2"}],"replies":[{"embeddable":true,"href":"http:\/\/argentinamunicipal.com.ar\/argentina\/wp-json\/wp\/v2\/comments?post=40648"}],"version-history":[{"count":0,"href":"http:\/\/argentinamunicipal.com.ar\/argentina\/wp-json\/wp\/v2\/posts\/40648\/revisions"}],"wp:featuredmedia":[{"embeddable":true,"href":"http:\/\/argentinamunicipal.com.ar\/argentina\/wp-json\/wp\/v2\/media\/40649"}],"wp:attachment":[{"href":"http:\/\/argentinamunicipal.com.ar\/argentina\/wp-json\/wp\/v2\/media?parent=40648"}],"wp:term":[{"taxonomy":"category","embeddable":true,"href":"http:\/\/argentinamunicipal.com.ar\/argentina\/wp-json\/wp\/v2\/categories?post=40648"},{"taxonomy":"post_tag","embeddable":true,"href":"http:\/\/argentinamunicipal.com.ar\/argentina\/wp-json\/wp\/v2\/tags?post=40648"}],"curies":[{"name":"wp","href":"https:\/\/api.w.org\/{rel}","templated":true}]}}