{"id":4070,"date":"2014-03-17T10:02:50","date_gmt":"2014-03-17T13:02:50","guid":{"rendered":"http:\/\/argentinamunicipal.com.ar\/argentina\/?p=4070"},"modified":"2014-03-17T10:02:50","modified_gmt":"2014-03-17T13:02:50","slug":"la-estacion-transformadora-gran-parana-abastecera-a-mas-de-un-millon-de-habitantes","status":"publish","type":"post","link":"http:\/\/argentinamunicipal.com.ar\/argentina\/la-estacion-transformadora-gran-parana-abastecera-a-mas-de-un-millon-de-habitantes\/","title":{"rendered":"La Estaci\u00f3n Transformadora Gran Paran\u00e1 abastecer\u00e1 a m\u00e1s de un mill\u00f3n de habitantes"},"content":{"rendered":"<p><a href=\"http:\/\/argentinamunicipal.com.ar\/argentina\/wp-content\/uploads\/2014\/03\/e_1387805591.jpg\"><img loading=\"lazy\" decoding=\"async\" class=\"alignleft size-full wp-image-4071\" alt=\"e_1387805591\" src=\"http:\/\/argentinamunicipal.com.ar\/argentina\/wp-content\/uploads\/2014\/03\/e_1387805591.jpg\" width=\"432\" height=\"324\" srcset=\"http:\/\/argentinamunicipal.com.ar\/argentina\/wp-content\/uploads\/2014\/03\/e_1387805591.jpg 432w, http:\/\/argentinamunicipal.com.ar\/argentina\/wp-content\/uploads\/2014\/03\/e_1387805591-300x225.jpg 300w\" sizes=\"auto, (max-width: 432px) 100vw, 432px\" \/><\/a>La obra de la Estaci\u00f3n Transformadora Gran Paran\u00e1 presenta un 35% de avance, supervisada por Enersa. El monto de inversi\u00f3n es de 600 millones de pesos y se estima que finalizar\u00e1 en febrero de 2015.<\/p>\n<p>La obra de la Estaci\u00f3n Transformadora Gran Paran\u00e1, ubicada a 10 kil\u00f3metros de la zona urbana de la capital provincial, presenta un 35% de avance. Se trata de una obra estrat\u00e9gica para el desarrollo energ\u00e9tico de la provincia ya que, una vez terminada, Entre R\u00edos dejar\u00e1 de depender de la toma de energ\u00eda que hoy se hace desde Santo Tom\u00e9, en la provincia de Santa Fe. Su finalizaci\u00f3n est\u00e1 prevista para febrero de 2015 y el monto de inversi\u00f3n es de 600 millones de pesos.<\/p>\n<p>La obra es realizada bajo la supervisi\u00f3n de Enersa, con financiamiento del Banco Interamericano de Desarrollo (BID). Con la entrada en servicio de esta estaci\u00f3n se dar\u00e1 soluci\u00f3n de abastecimiento el\u00e9ctrico a la provincia de Entre R\u00edos, espec\u00edficamente la zona oeste, y parte de Santa Fe (capital y alrededores), dando mayor seguridad a estas zonas al mejorar el transporte en el sistema de extra alta tensi\u00f3n.<\/p>\n<p>Est\u00e1 pensada con un horizonte de 20 a\u00f1os. En esta proyecci\u00f3n involucra el abastecimiento de m\u00e1s de un mill\u00f3n de habitantes.<\/p>\n<p>M\u00e1s seguridad y sustentabilidad. La nueva estaci\u00f3n otorgar\u00e1 mayor sustentabilidad y seguridad a la demanda del consumo de energ\u00eda, que en la provincia est\u00e1 por encima de la media nacional. Todo esto, la estaci\u00f3n transformadora, las l\u00edneas de 132, m\u00e1s tres obras importantes que hay en ejecuci\u00f3n, como la estaci\u00f3n de Concepci\u00f3n del Uruguay, las l\u00edneas de Colonia El\u00eda a Concepci\u00f3n del Uruguay y la l\u00ednea de Gualeguay a Galarza, le brindan mayor seguridad al sistema energ\u00e9tico de la provincia.<\/p>\n<p>\u201cDar\u00e1 previsibilidad y confiabilidad el sistema en toda la zona oeste de la provincia de Entre R\u00edos, y con esta estaci\u00f3n se mejorar\u00e1 el servicio con otras tres m\u00e1s de la provincia del sistema de 500Kv. Es decir, se tendr\u00e1 la de Salto Grande, Colonia El\u00edas y la de Paran\u00e1, y de alg\u00fan modo, \u00e9sta reemplazar\u00e1 la planta de Santa Tom\u00e9. Esto es importante porque la transformaci\u00f3n se realizar\u00e1 en Paran\u00e1 y luego se enviar\u00eda el excedente a Santa Fe\u201d, explic\u00f3 el secretario de Energ\u00eda de la provincia, Ra\u00fal Arroyo.<\/p>\n<p>Respecto a la obra, Arroyo asegur\u00f3 que \u201cen 2015 se concluir\u00e1 la obra que consiste en una estaci\u00f3n transformadora de 500Kv, y paralelamente la de rebaje de 500 a 132 Kv, y de ah\u00ed distribuye 132 a todo el sistema de transporte de Entre R\u00edos\u201d.<\/p>\n<p>El funcionario agreg\u00f3: \u201cGracias a todas inversiones en el sistema el\u00e9ctrico provincial, Entre R\u00edos no ha tenido inconvenientes en todo lo que sea suministro el\u00e9ctrico en los momentos de mayor demanda en estos \u00faltimos seis a\u00f1os. La provincia viene acompa\u00f1ando con estas obras el crecimiento de la demanda del sector residencial y productivo, lo que nos ha permitido pasar todos los \u00faltimos a\u00f1os sin inconvenientes mayores en el sistema el\u00e9ctrico en comparaci\u00f3n con lo que ha sucedido en otras provincias\u201d.<\/p>\n<p>El secretario de Energ\u00eda precis\u00f3 que en esta planta trabaja la firma ABB, mientras que Enersa fue designado como ejecutor de la obra.<\/p>\n<p>Destac\u00f3 adem\u00e1s que \u201ccuando esta obra llegue al 50% de ejecuci\u00f3n, se iniciar\u00e1 otra obra que est\u00e1 dentro del mismo financiamiento BID que es el cierre norte\u201d.<\/p>\n<h6>Fuente: El Once<\/h6>\n","protected":false},"excerpt":{"rendered":"<p>La obra de la Estaci\u00f3n Transformadora Gran Paran\u00e1 presenta un 35% de avance, supervisada por Enersa. El monto de inversi\u00f3n es de 600 millones de pesos y se estima que finalizar\u00e1 en febrero de 2015. La obra de la Estaci\u00f3n Transformadora Gran Paran\u00e1, ubicada a 10 kil\u00f3metros de la zona urbana de la capital provincial,<\/p>\n","protected":false},"author":2,"featured_media":4071,"comment_status":"closed","ping_status":"closed","sticky":false,"template":"","format":"standard","meta":{"footnotes":""},"categories":[2],"tags":[17],"class_list":["post-4070","post","type-post","status-publish","format-standard","has-post-thumbnail","hentry","category-informe-municipal","tag-entre-rios"],"_links":{"self":[{"href":"http:\/\/argentinamunicipal.com.ar\/argentina\/wp-json\/wp\/v2\/posts\/4070","targetHints":{"allow":["GET"]}}],"collection":[{"href":"http:\/\/argentinamunicipal.com.ar\/argentina\/wp-json\/wp\/v2\/posts"}],"about":[{"href":"http:\/\/argentinamunicipal.com.ar\/argentina\/wp-json\/wp\/v2\/types\/post"}],"author":[{"embeddable":true,"href":"http:\/\/argentinamunicipal.com.ar\/argentina\/wp-json\/wp\/v2\/users\/2"}],"replies":[{"embeddable":true,"href":"http:\/\/argentinamunicipal.com.ar\/argentina\/wp-json\/wp\/v2\/comments?post=4070"}],"version-history":[{"count":0,"href":"http:\/\/argentinamunicipal.com.ar\/argentina\/wp-json\/wp\/v2\/posts\/4070\/revisions"}],"wp:featuredmedia":[{"embeddable":true,"href":"http:\/\/argentinamunicipal.com.ar\/argentina\/wp-json\/wp\/v2\/media\/4071"}],"wp:attachment":[{"href":"http:\/\/argentinamunicipal.com.ar\/argentina\/wp-json\/wp\/v2\/media?parent=4070"}],"wp:term":[{"taxonomy":"category","embeddable":true,"href":"http:\/\/argentinamunicipal.com.ar\/argentina\/wp-json\/wp\/v2\/categories?post=4070"},{"taxonomy":"post_tag","embeddable":true,"href":"http:\/\/argentinamunicipal.com.ar\/argentina\/wp-json\/wp\/v2\/tags?post=4070"}],"curies":[{"name":"wp","href":"https:\/\/api.w.org\/{rel}","templated":true}]}}