{"id":4073,"date":"2014-04-20T10:04:41","date_gmt":"2014-04-20T13:04:41","guid":{"rendered":"http:\/\/argentinamunicipal.com.ar\/argentina\/?p=4073"},"modified":"2014-03-17T10:27:54","modified_gmt":"2014-03-17T13:27:54","slug":"39o-fiesta-nacional-del-surubi-en-goya-corrientes","status":"publish","type":"post","link":"http:\/\/argentinamunicipal.com.ar\/argentina\/39o-fiesta-nacional-del-surubi-en-goya-corrientes\/","title":{"rendered":"39\u00ba Fiesta Nacional del Surub\u00ed, en Goya, Corrientes"},"content":{"rendered":"<p>La 39\u00ba Fiesta Nacional del Surub\u00ed avanza en su organizaci\u00f3n para la gran cita del 28 de abril al 4 de mayor en la ciudad de Goya, Corrientes. Por lo que desde la Comisi\u00f3n Municipal de Pesca, organizadora de la misma, refuerzan acciones de promoci\u00f3n y gestiones ante funcionarios provinciales y nacionales, como as\u00ed tambi\u00e9n ante barras pesqueras. En este sentido, durante toda la presente semana se continuar\u00e1 con la intensa campa\u00f1a de promoci\u00f3n de la fiesta mayor; es importante\u00a0destacar que el presidente de la Comisi\u00f3n Municipal de Pesca Sr. Pedro Sa, se traslad\u00f3 a la ciudad de Buenos Aires en compa\u00f1\u00eda del Intendente Municipal de nuestra ciudad Prof. Gerardo Horacio Bassi, con quien desarrollar\u00e1n numerosas gestiones.<\/p>\n<p>La agenda de actividades contempla inclusive, una reuni\u00f3n con los integrantes de la Barra Pesquera de la ciudad de Luj\u00e1n; la misma se llevar\u00eda a cabo el d\u00eda mi\u00e9rcoles. De la misma se espera que participe Oscar Macias entonando, con su inconfundible voz, el emblema musical que identifica a la fiesta: la Canci\u00f3n del Surubi del recordado poeta goyano Coqui Correa.<\/p>\n<p><a href=\"http:\/\/argentinamunicipal.com.ar\/argentina\/wp-content\/uploads\/2014\/03\/afiche2014.jpg\"><img loading=\"lazy\" decoding=\"async\" class=\"aligncenter size-full wp-image-4074\" alt=\"afiche2014\" src=\"http:\/\/argentinamunicipal.com.ar\/argentina\/wp-content\/uploads\/2014\/03\/afiche2014.jpg\" width=\"1000\" height=\"1403\" srcset=\"http:\/\/argentinamunicipal.com.ar\/argentina\/wp-content\/uploads\/2014\/03\/afiche2014.jpg 1000w, http:\/\/argentinamunicipal.com.ar\/argentina\/wp-content\/uploads\/2014\/03\/afiche2014-213x300.jpg 213w, http:\/\/argentinamunicipal.com.ar\/argentina\/wp-content\/uploads\/2014\/03\/afiche2014-729x1024.jpg 729w\" sizes=\"auto, (max-width: 1000px) 100vw, 1000px\" \/><\/a><\/p>\n<p>En otro orden cosas, el \u00e1rea prensa recuerda a los medios, que el portal oficial de la Fiesta Nacional del Surubi (www.goyasurubi.com.ar) se encuentra permanentemente actualizado y puede ser usado como material de consulta para temas varios tales como: reglamento de pesca, inscripciones al concurso, acreditaciones de periodistas, mapa de zonas, entre otras.<\/p>\n<p>Por \u00faltimo es importante destacar que la XXXIX Fiesta Nacional del Surub\u00ed continuar\u00e1 su intensa promoci\u00f3n en una gran cantidad de ciudades de Argentina y con la expectativa de arribar a algunas ciudades de pa\u00edses del MERCOSUR.<\/p>\n<p>Fuente: Prensa Fiesta Nacional del Surub\u00ed<\/p>\n","protected":false},"excerpt":{"rendered":"<p>La 39\u00ba Fiesta Nacional del Surub\u00ed avanza en su organizaci\u00f3n para la gran cita del 28 de abril al 4 de mayor en la ciudad de Goya, Corrientes. Por lo que desde la Comisi\u00f3n Municipal de Pesca, organizadora de la misma, refuerzan acciones de promoci\u00f3n y gestiones ante funcionarios provinciales y nacionales, como as\u00ed tambi\u00e9n<\/p>\n","protected":false},"author":1,"featured_media":4074,"comment_status":"closed","ping_status":"closed","sticky":false,"template":"","format":"standard","meta":{"footnotes":""},"categories":[47],"tags":[13],"class_list":["post-4073","post","type-post","status-publish","format-standard","has-post-thumbnail","hentry","category-fiestas","tag-corrientes"],"_links":{"self":[{"href":"http:\/\/argentinamunicipal.com.ar\/argentina\/wp-json\/wp\/v2\/posts\/4073","targetHints":{"allow":["GET"]}}],"collection":[{"href":"http:\/\/argentinamunicipal.com.ar\/argentina\/wp-json\/wp\/v2\/posts"}],"about":[{"href":"http:\/\/argentinamunicipal.com.ar\/argentina\/wp-json\/wp\/v2\/types\/post"}],"author":[{"embeddable":true,"href":"http:\/\/argentinamunicipal.com.ar\/argentina\/wp-json\/wp\/v2\/users\/1"}],"replies":[{"embeddable":true,"href":"http:\/\/argentinamunicipal.com.ar\/argentina\/wp-json\/wp\/v2\/comments?post=4073"}],"version-history":[{"count":0,"href":"http:\/\/argentinamunicipal.com.ar\/argentina\/wp-json\/wp\/v2\/posts\/4073\/revisions"}],"wp:featuredmedia":[{"embeddable":true,"href":"http:\/\/argentinamunicipal.com.ar\/argentina\/wp-json\/wp\/v2\/media\/4074"}],"wp:attachment":[{"href":"http:\/\/argentinamunicipal.com.ar\/argentina\/wp-json\/wp\/v2\/media?parent=4073"}],"wp:term":[{"taxonomy":"category","embeddable":true,"href":"http:\/\/argentinamunicipal.com.ar\/argentina\/wp-json\/wp\/v2\/categories?post=4073"},{"taxonomy":"post_tag","embeddable":true,"href":"http:\/\/argentinamunicipal.com.ar\/argentina\/wp-json\/wp\/v2\/tags?post=4073"}],"curies":[{"name":"wp","href":"https:\/\/api.w.org\/{rel}","templated":true}]}}