{"id":40896,"date":"2015-12-22T06:30:37","date_gmt":"2015-12-22T09:30:37","guid":{"rendered":"http:\/\/argentinamunicipal.com.ar\/argentina\/?p=40896"},"modified":"2015-12-22T06:30:37","modified_gmt":"2015-12-22T09:30:37","slug":"anuncian-la-extension-del-curso-policias-locales-bonaerenses","status":"publish","type":"post","link":"http:\/\/argentinamunicipal.com.ar\/argentina\/anuncian-la-extension-del-curso-policias-locales-bonaerenses\/","title":{"rendered":"Anuncian la extensi\u00f3n del curso para polic\u00edas locales bonaerenses"},"content":{"rendered":"<p><a href=\"http:\/\/argentinamunicipal.com.ar\/argentina\/wp-content\/uploads\/2015\/12\/168531_1.jpg\"><img loading=\"lazy\" decoding=\"async\" class=\"aligncenter size-full wp-image-40897\" src=\"http:\/\/argentinamunicipal.com.ar\/argentina\/wp-content\/uploads\/2015\/12\/168531_1.jpg\" alt=\"168531_1\" width=\"640\" height=\"300\" srcset=\"http:\/\/argentinamunicipal.com.ar\/argentina\/wp-content\/uploads\/2015\/12\/168531_1.jpg 640w, http:\/\/argentinamunicipal.com.ar\/argentina\/wp-content\/uploads\/2015\/12\/168531_1-300x141.jpg 300w\" sizes=\"auto, (max-width: 640px) 100vw, 640px\" \/><\/a><\/p>\n<p>El ministro de Seguridad bonaerense encabez\u00f3 los egresos de nuevos efectivos en Lan\u00fas y Avellaneda, y anticip\u00f3 que el plazo de capacitaci\u00f3n se extender\u00e1 a nueve meses.<\/p>\n<p>\u201cPara nosotros es importante continuar con algo que se ha transformado en pol\u00edtica de Estado como la Polic\u00eda Local y vamos a reformar el tiempo de curso (de seis) a nueve meses para darle mayor cantidad de elementos que le sirvan a los polic\u00edas cuando salen a la calle\u201d, remarc\u00f3 el ministro de Seguridad de la provincia de Buenos Aires, Cristian Ritondo, en el egreso en Lan\u00fas.<\/p>\n<p>Desde del el polideportivo del Club Lan\u00fas, acompa\u00f1ado por el intendente, N\u00e9stor Grindetti, y el secretario de Seguridad, Diego Kravetz, Ritondo felicit\u00f3 a los egresados y se comprometi\u00f3 a trabajar codo a codo con el jefe comunal para forjar un distrito m\u00e1s seguro, \u201ccon el sue\u00f1o de que alg\u00fan d\u00eda sean los delincuentes los que est\u00e9n presos y los vecinos puedan sacar las rejas de sus casas\u201d.<\/p>\n<p>Con este egreso, se sumaron 50 efectivos a la Polic\u00eda Local del distrito a los 166 en funciones. Adem\u00e1s, se agregaron tres nuevos patrulleros a la flota.<\/p>\n<p>En el acto tambi\u00e9n estuvieron presentes el subsecretario de Planificaci\u00f3n bonaerense, Fernando Jantus, autoridades provinciales, municipales, familiares y vecinos.<\/p>\n<p>\u201cLos intendentes tendr\u00e1n todo mi apoyo\u201d. En conferencia de prensa, Ritondo justific\u00f3 la decisi\u00f3n de extender la capacitaci\u00f3n a nueve meses. \u201cEs muy compacto en seis meses el curso. Entendemos que la polic\u00eda local surgi\u00f3 a partir de una necesidad y por eso le estamos dando continuidad\u201d, sostuvo. Y remarc\u00f3: \u201cSabemos que la inseguridad no se resuelve de un d\u00eda para el otro y por eso va a estar todo mi apoyo a todos los intendentes para resolver estos temas\u201d.<\/p>\n<p>Precis\u00f3 que de cara al futuro apuntar\u00e1n a \u201cponer activas un mont\u00f3n de pol\u00edticas que hoy no est\u00e1n\u201d, como reforzar los monitoreos y desarrollar nuevas tecnolog\u00edas para la lucha contra el narcotr\u00e1fico.<\/p>\n<p>\u201cLa inseguridad es una gran demanda de los vecinos\u201d. Lo asegur\u00f3 Grindetti, quien remarc\u00f3 que se dedicar\u00e1n a luchar contra el flagelo \u201ctodos los d\u00edas, a toda hora, trabajando en todos los frentes\u201d. \u201cEl apoyo que vamos a tener desde la gobernaci\u00f3n va a ser muy importante y lo que hay que destacar es que va a ser para todos los intendentes por igual. Hay una demostraci\u00f3n de que el cambio empez\u00f3 ya, a una semana de haber asumido ya tenemos la ayuda de Cristian (Ritondo) no solo en el tema material sino con el apoyo que tenemos desde el punto de vista del conocimiento\u201d, asever\u00f3 el mandatario comunal.<\/p>\n<p>El responsable de la cartera a nivel local, Diego Kravetz, manifest\u00f3 que la \u201cprioridad\u201d de la gesti\u00f3n ser\u00e1 la seguridad y detall\u00f3 que est\u00e1n \u201ccoordinando todas las fuerzas que act\u00faan en el municipio, tanto locales como provinciales y, con una interlocuci\u00f3n diaria con el Ministerio de Seguridad para que en poco tiempo se note no solo mayor presencia policial sino que empiecen a bajar los \u00edndices delictuales de Lan\u00fas\u201d.<\/p>\n<p>El egreso en Avellaneda. Junto al intendente Jorge Ferraresi, Ritondo tambi\u00e9n fue parte del acto de egreso de 151 oficiales, que a partir de hoy forman parte de los 444 con los que cuenta ese distrito. El acto se llev\u00f3 a cabo en el Sal\u00f3n del Bicentenario de la Universidad de Avellaneda, sito en la calle Col\u00f3n y Monse\u00f1or Deandreas.<\/p>\n<p>Desde all\u00ed, el ministro de Seguridad afirm\u00f3 que la implementaci\u00f3n de la fuerza es \u00abuna pol\u00edtica a continuar, mejorando lo que haya que mejorar\u00bb. \u00abBuscar\u00e1n combatir una de las problem\u00e1ticas m\u00e1s sensibles que tiene la sociedad que es la seguridad. Tendr\u00e1n la responsabilidad de que los vecinos vivan m\u00e1s tranquilos y de que todos los ciudadanos quieran vivir en el conurbano. Ese el compromiso del intendente Ferraresi, el m\u00edo como ministro y el de la gobernadora Mar\u00eda Eugenia Vidal\u00bb, sostuvo.<\/p>\n<p>Por su lado, Ferraresi destac\u00f3 que \u00abes un orgullo celebrar el egreso de estos 151 polic\u00edas de cercan\u00eda\u00bb. \u00abContamos con cuatro bases, 70 patrulleros y 1000 c\u00e1maras de seguridad. Desde el municipio junto a la provincia aspirando a trabajar juntos, teniendo en cuenta que hay 600 inscriptos para el a\u00f1o que viene. Rompimos el estigma de que los j\u00f3venes no quieren ser polic\u00edas. Ustedes dan el ejemplo. Ser\u00e1 un antes y despu\u00e9s de la creaci\u00f3n polic\u00eda local. Queremos una polic\u00eda cerca de la gente\u00bb, resalt\u00f3.<\/p>\n<h6>Fuente: Inforegi\u00f3n<\/h6>\n","protected":false},"excerpt":{"rendered":"<p>El ministro de Seguridad bonaerense encabez\u00f3 los egresos de nuevos efectivos en Lan\u00fas y Avellaneda, y anticip\u00f3 que el plazo de capacitaci\u00f3n se extender\u00e1 a nueve meses. \u201cPara nosotros es importante continuar con algo que se ha transformado en pol\u00edtica de Estado como la Polic\u00eda Local y vamos a reformar el tiempo de curso (de<\/p>\n","protected":false},"author":2,"featured_media":40897,"comment_status":"closed","ping_status":"closed","sticky":false,"template":"","format":"standard","meta":{"footnotes":""},"categories":[49],"tags":[12],"class_list":["post-40896","post","type-post","status-publish","format-standard","has-post-thumbnail","hentry","category-seguridad","tag-buenos-aires"],"_links":{"self":[{"href":"http:\/\/argentinamunicipal.com.ar\/argentina\/wp-json\/wp\/v2\/posts\/40896","targetHints":{"allow":["GET"]}}],"collection":[{"href":"http:\/\/argentinamunicipal.com.ar\/argentina\/wp-json\/wp\/v2\/posts"}],"about":[{"href":"http:\/\/argentinamunicipal.com.ar\/argentina\/wp-json\/wp\/v2\/types\/post"}],"author":[{"embeddable":true,"href":"http:\/\/argentinamunicipal.com.ar\/argentina\/wp-json\/wp\/v2\/users\/2"}],"replies":[{"embeddable":true,"href":"http:\/\/argentinamunicipal.com.ar\/argentina\/wp-json\/wp\/v2\/comments?post=40896"}],"version-history":[{"count":0,"href":"http:\/\/argentinamunicipal.com.ar\/argentina\/wp-json\/wp\/v2\/posts\/40896\/revisions"}],"wp:featuredmedia":[{"embeddable":true,"href":"http:\/\/argentinamunicipal.com.ar\/argentina\/wp-json\/wp\/v2\/media\/40897"}],"wp:attachment":[{"href":"http:\/\/argentinamunicipal.com.ar\/argentina\/wp-json\/wp\/v2\/media?parent=40896"}],"wp:term":[{"taxonomy":"category","embeddable":true,"href":"http:\/\/argentinamunicipal.com.ar\/argentina\/wp-json\/wp\/v2\/categories?post=40896"},{"taxonomy":"post_tag","embeddable":true,"href":"http:\/\/argentinamunicipal.com.ar\/argentina\/wp-json\/wp\/v2\/tags?post=40896"}],"curies":[{"name":"wp","href":"https:\/\/api.w.org\/{rel}","templated":true}]}}