{"id":41065,"date":"2015-12-24T07:36:17","date_gmt":"2015-12-24T10:36:17","guid":{"rendered":"http:\/\/argentinamunicipal.com.ar\/argentina\/?p=41065"},"modified":"2015-12-24T07:36:17","modified_gmt":"2015-12-24T10:36:17","slug":"la-agenda-la-provincia-santa-fe-las-ciudades-del-nodo","status":"publish","type":"post","link":"http:\/\/argentinamunicipal.com.ar\/argentina\/la-agenda-la-provincia-santa-fe-las-ciudades-del-nodo\/","title":{"rendered":"La agenda de la provincia de Santa Fe y las ciudades del nodo"},"content":{"rendered":"<p><a href=\"http:\/\/argentinamunicipal.com.ar\/argentina\/wp-content\/uploads\/2015\/12\/liff.jpg_973718260.jpg\"><img loading=\"lazy\" decoding=\"async\" class=\"aligncenter  wp-image-41066\" src=\"http:\/\/argentinamunicipal.com.ar\/argentina\/wp-content\/uploads\/2015\/12\/liff.jpg_973718260.jpg\" alt=\"liff.jpg_973718260\" width=\"653\" height=\"455\" srcset=\"http:\/\/argentinamunicipal.com.ar\/argentina\/wp-content\/uploads\/2015\/12\/liff.jpg_973718260.jpg 789w, http:\/\/argentinamunicipal.com.ar\/argentina\/wp-content\/uploads\/2015\/12\/liff.jpg_973718260-300x209.jpg 300w, http:\/\/argentinamunicipal.com.ar\/argentina\/wp-content\/uploads\/2015\/12\/liff.jpg_973718260-768x535.jpg 768w\" sizes=\"auto, (max-width: 653px) 100vw, 653px\" \/><\/a><br \/>\nLifschitz se reuni\u00f3 este mi\u00e9rcoles con los intendentes y presidentes comunales de la Regi\u00f3n 3. Plante\u00f3 sus ejes de gesti\u00f3n<\/p>\n<p>El gobernador Miguel Lifschitz junto a parte de su gabinete presidi\u00f3 este mi\u00e9rcoles en Santo Tom\u00e9 la ronda de encuentros con autoridades locales de la Regi\u00f3n 3. Ese fue el tercer encuentro luego de los del lunes y martes pasados en las ciudades de Reconquista y Rafaela, respectivamente. All\u00ed el gobernador dijo: \u201cLa infraestructura, la seguridad y el desarrollo productivo son ejes fundamentales de nuestra gesti\u00f3n\u201d.<\/p>\n<p>En este sentido, detall\u00f3 que tambi\u00e9n se priorizar\u00e1 durante su gesti\u00f3n \u201cla inclusi\u00f3n social, la equidad e integraci\u00f3n, continuando con las pol\u00edticas sociales, juveniles y de g\u00e9nero\u201d, as\u00ed como \u201cla salud p\u00fablica, educaci\u00f3n, cultura y deporte, que van a seguir siendo pol\u00edticas centrales de nuestro proyecto de gobierno\u201d.<\/p>\n<p>Previamente, el mandatario hab\u00eda agradecido la asistencia a los intendentes, presidentes comunales, senadores provinciales y diputados presentes, y record\u00f3 que \u201cla idea de las reuniones es tener un contacto directo con la autoridades locales, porque tenemos una gran valoraci\u00f3n de su responsabilidad y rol en el territorio\u201d.<\/p>\n<p>\u201cNuestra vocaci\u00f3n es establecer un v\u00ednculo y una relaci\u00f3n directa, fluida, colaborativa y cooperativa que nos permita encontrar siempre las mejores alternativas para resolver los problemas\u201d, destac\u00f3, y especific\u00f3 que cuando esto no sucede \u201cse dilapidan recursos y no se logran los objetivos\u201d.<\/p>\n<p>A continuaci\u00f3n, el gobernador record\u00f3 su paso por la intendencia de Rosario y se\u00f1al\u00f3 que esa funci\u00f3n genera una \u201csensibilidad\u201d, a partir del \u201ccontacto directo con los problemas, con el territorio, con el vecino y con las instituciones; una responsabilidad que se asume todos los d\u00edas\u201d, y \u201cs\u00e9 la importancia que tiene para los gobiernos locales, el respaldo de los gobiernos provincial y nacional, cuando corresponde\u201d.<\/p>\n<p>Adem\u00e1s, se\u00f1al\u00f3 que se va a \u201cprocurar, en los primeros meses del 2016, regularizar las deudas que existen con municipios y comunas de los fondos de obras menores y educativo entre otros, a medida que nuestra situaci\u00f3n econ\u00f3mica y financiera lo permita\u201d.<\/p>\n<p>Por su parte, el intendente Jos\u00e9 Corral valor\u00f3 la iniciativa del mandatario provincial como \u201cuna muy buena manera de comenzar la gesti\u00f3n, con una reuni\u00f3n donde est\u00e1 el gobernador y los intendentes y presidentes comunales de esta regi\u00f3n\u201d.<\/p>\n<p>Tambi\u00e9n se\u00f1al\u00f3 la necesidad de avanzar con las gestiones de obras como la ruta 11, el puente Santa Fe-Paran\u00e1, entre otras que involucran al gobierno provincial en algunos casos y en otros al Estado nacional. \u201cVamos a trabajar fuerte para que la Naci\u00f3n le devuelva a Santa Fe lo que la provincia le aporta para el pa\u00eds, que es muy importante y que tiene que venir en infraestructura y obras\u201d, concluy\u00f3 el intendente de Santa Fe.<\/p>\n<h6>Fuente: Uno, Santa Fe<\/h6>\n","protected":false},"excerpt":{"rendered":"<p>Lifschitz se reuni\u00f3 este mi\u00e9rcoles con los intendentes y presidentes comunales de la Regi\u00f3n 3. Plante\u00f3 sus ejes de gesti\u00f3n El gobernador Miguel Lifschitz junto a parte de su gabinete presidi\u00f3 este mi\u00e9rcoles en Santo Tom\u00e9 la ronda de encuentros con autoridades locales de la Regi\u00f3n 3. Ese fue el tercer encuentro luego de los<\/p>\n","protected":false},"author":2,"featured_media":41066,"comment_status":"closed","ping_status":"closed","sticky":false,"template":"","format":"standard","meta":{"footnotes":""},"categories":[4],"tags":[10],"class_list":["post-41065","post","type-post","status-publish","format-standard","has-post-thumbnail","hentry","category-informe-politico","tag-santa-fe"],"_links":{"self":[{"href":"http:\/\/argentinamunicipal.com.ar\/argentina\/wp-json\/wp\/v2\/posts\/41065","targetHints":{"allow":["GET"]}}],"collection":[{"href":"http:\/\/argentinamunicipal.com.ar\/argentina\/wp-json\/wp\/v2\/posts"}],"about":[{"href":"http:\/\/argentinamunicipal.com.ar\/argentina\/wp-json\/wp\/v2\/types\/post"}],"author":[{"embeddable":true,"href":"http:\/\/argentinamunicipal.com.ar\/argentina\/wp-json\/wp\/v2\/users\/2"}],"replies":[{"embeddable":true,"href":"http:\/\/argentinamunicipal.com.ar\/argentina\/wp-json\/wp\/v2\/comments?post=41065"}],"version-history":[{"count":0,"href":"http:\/\/argentinamunicipal.com.ar\/argentina\/wp-json\/wp\/v2\/posts\/41065\/revisions"}],"wp:featuredmedia":[{"embeddable":true,"href":"http:\/\/argentinamunicipal.com.ar\/argentina\/wp-json\/wp\/v2\/media\/41066"}],"wp:attachment":[{"href":"http:\/\/argentinamunicipal.com.ar\/argentina\/wp-json\/wp\/v2\/media?parent=41065"}],"wp:term":[{"taxonomy":"category","embeddable":true,"href":"http:\/\/argentinamunicipal.com.ar\/argentina\/wp-json\/wp\/v2\/categories?post=41065"},{"taxonomy":"post_tag","embeddable":true,"href":"http:\/\/argentinamunicipal.com.ar\/argentina\/wp-json\/wp\/v2\/tags?post=41065"}],"curies":[{"name":"wp","href":"https:\/\/api.w.org\/{rel}","templated":true}]}}