{"id":41071,"date":"2015-12-24T07:40:22","date_gmt":"2015-12-24T10:40:22","guid":{"rendered":"http:\/\/argentinamunicipal.com.ar\/argentina\/?p=41071"},"modified":"2015-12-24T07:40:22","modified_gmt":"2015-12-24T10:40:22","slug":"fein-estuvo-la-casa-rosada-colocar-rosario-la-agenda-nacional","status":"publish","type":"post","link":"http:\/\/argentinamunicipal.com.ar\/argentina\/fein-estuvo-la-casa-rosada-colocar-rosario-la-agenda-nacional\/","title":{"rendered":"Fein estuvo en la Casa Rosada para colocar a Rosario en la agenda nacional"},"content":{"rendered":"<p><a href=\"http:\/\/argentinamunicipal.com.ar\/argentina\/wp-content\/uploads\/2015\/12\/12-24-C801.jpg_88717827.jpg\"><img loading=\"lazy\" decoding=\"async\" class=\"aligncenter size-full wp-image-41072\" src=\"http:\/\/argentinamunicipal.com.ar\/argentina\/wp-content\/uploads\/2015\/12\/12-24-C801.jpg_88717827.jpg\" alt=\"12-24-C801.jpg_88717827\" width=\"621\" height=\"465\" srcset=\"http:\/\/argentinamunicipal.com.ar\/argentina\/wp-content\/uploads\/2015\/12\/12-24-C801.jpg_88717827.jpg 621w, http:\/\/argentinamunicipal.com.ar\/argentina\/wp-content\/uploads\/2015\/12\/12-24-C801.jpg_88717827-300x225.jpg 300w\" sizes=\"auto, (max-width: 621px) 100vw, 621px\" \/><\/a><br \/>\nSe reuni\u00f3 con el jefe de Gabinete y el ministro del Interior. La intendenta busca financiamiento para obras clave.\u00a0Marcos Pe\u00f1a\u00a0coincidi\u00f3 en la idea de impulsar la creaci\u00f3n de una red de ciudades.<\/p>\n<p>&nbsp;<\/p>\n<p>M\u00f3nica Fein entr\u00f3 a la Casa Rosada por la explanada norte, sobre calle Rivadavia, sola, con una mezcla de expectativas y reparos; all\u00ed la recibi\u00f3 el jefe de Gabinete Marcos Pe\u00f1a y se sum\u00f3 al encuentro el ministro del Interior, Rogelio Frigerio. Luego de 30 minutos sali\u00f3, m\u00e1s ilusionada, por la misma explanada. Los dos ministros principales que habitan Balcarce 50 le prestaron o\u00eddo, le abrieron puertas, y con el tiempo se ver\u00e1 si las promesas de amistad y colaboraci\u00f3n con Rosario se concretan. O si quedan apenas en buenas intenciones.<\/p>\n<p>Pe\u00f1a, que es hijo de rosarinos, coincidi\u00f3 con Fein en la idea de impulsar la creaci\u00f3n de una red de ciudades; un \u00e1mbito donde los conglomerados grandes e intermedios de la Argentina pueden fijar una agencia propia, sus proyectos, la ejecuci\u00f3n de sus recursos. Al cabo, cobrar protagonismo con mayor autonom\u00eda de las provincias y del propio gobierno nacional.<\/p>\n<p>Rosario tiene varios problemas urgentes para resolver; y necesita del gobierno central. Por caso, terminar las 500 viviendas sobre la avenida Traves\u00eda (comunidad Qom), obra que ya alcanza, seg\u00fan estim\u00f3 Fein para La Capital, el 60 por ciento de su desarrollo total.<\/p>\n<p>\u00abLa idea es terminarlo en 2016, son unos 100 millones de pesos que vamos a necesitar\u00bb, explic\u00f3. Pe\u00f1a y Frigerio habr\u00edan dado un principio de acuerdo para que ese centenar de millones llegue a Santa Fe.<\/p>\n<p><strong>Dale gas.<\/strong> El colapso en la capacidad de distribuir gas; otro problema grave de la ciudad. \u00abSi hoy te quer\u00e9s hacer una casita en la zona norte, no te podemos dar gas\u00bb, expres\u00f3 con crudeza la intendenta.<\/p>\n<p>All\u00ed se acumulan varios factores: el principal, la falta de inversi\u00f3n de la empresa Litoral Gas en la extensi\u00f3n y ampliaci\u00f3n de las ca\u00f1er\u00edas; tambi\u00e9n el crecimiento de la demanda a gran escala en algunos sectores. \u00abAh\u00ed tenemos el programa M\u00e1s cerca, tenemos una licitaci\u00f3n hecha para ampliar unas nueve mil conexiones, pero necesitamos que el gobierno nacional ponga la plata para la primera parte de la ejecuci\u00f3n de esa licitaci\u00f3n, que consiste en comprar los materiales para la obra\u00bb, abund\u00f3 Fein, ya fuera de la Casa Rosada, junto a la reja perimetral, en una agradable tarde del d\u00eda uno del verano que empieza.<\/p>\n<p><strong>Financiaci\u00f3n.<\/strong> Otro punto de encuentro entre la administraci\u00f3n rosarina y los nuevos due\u00f1os del poder en la Casa Rosada pas\u00f3 por promover la gesti\u00f3n de grandes cr\u00e9ditos internacionales para obras que pr\u00e1cticamente no tienen ninguna chance de llevarse a cabo por otra v\u00eda de financiaci\u00f3n. \u00abRosario y Santa Fe est\u00e1n saneadas financieramente y podr\u00edamos tomar cr\u00e9ditos del BID y de CAF (organismos crediticios) para fomentar el desarrollo en Latinoam\u00e9rica\u00bb, abund\u00f3 Fein.<\/p>\n<p>Desde ya, esas inversiones se orientan exclusivamente hacia fines espec\u00edficos, promueven las mejoras en las condiciones ambientales y la calidad de vida de los menos favorecidos. \u00abNosotros apuntar\u00edamos a resolver el problema de los asentamientos irregulares en zonas deprimidas e inundables\u00bb.<\/p>\n<p>Tambi\u00e9n preocupa a la intendenta la persistente labilidad del servicio el\u00e9ctrico que coloca a Rosario \u2014sobre todo cuando arrecian olas de calor\u2014 entre las ciudades m\u00e1s vulnerables del pa\u00eds. Los cortes se suceden, inexorablemente, a\u00f1o tras a\u00f1o. Un cr\u00e9dito internacional, se ilusiona Fein, podr\u00eda tambi\u00e9n compatibilizar para esta resolver \u00e9sta necesidad acuciante.<\/p>\n<p>Para terminar, el mantenimiento y mejora de la hidrov\u00eda del r\u00edo Paran\u00e1, fue un tema tocado por Fein en su primer encuentro con dos ministros del gobierno de Mauricio Macri durante los 30 minutos que dur\u00f3 la reuni\u00f3n. El tema interesa en la Casa Rosada: la apuesta a la mejora de la infraestructura de transporte aparece como un t\u00f3pico recurrente del macrismo en las primeras semanas de gesti\u00f3n. Con el tiempo se verificar\u00e1 si la preocupaci\u00f3n se convierte en obras concretas.<\/p>\n<h6>Fuente: La Capital, Rosario<\/h6>\n","protected":false},"excerpt":{"rendered":"<p>Se reuni\u00f3 con el jefe de Gabinete y el ministro del Interior. La intendenta busca financiamiento para obras clave.\u00a0Marcos Pe\u00f1a\u00a0coincidi\u00f3 en la idea de impulsar la creaci\u00f3n de una red de ciudades. &nbsp; M\u00f3nica Fein entr\u00f3 a la Casa Rosada por la explanada norte, sobre calle Rivadavia, sola, con una mezcla de expectativas y reparos;<\/p>\n","protected":false},"author":2,"featured_media":41072,"comment_status":"closed","ping_status":"closed","sticky":false,"template":"","format":"standard","meta":{"footnotes":""},"categories":[4],"tags":[10],"class_list":["post-41071","post","type-post","status-publish","format-standard","has-post-thumbnail","hentry","category-informe-politico","tag-santa-fe"],"_links":{"self":[{"href":"http:\/\/argentinamunicipal.com.ar\/argentina\/wp-json\/wp\/v2\/posts\/41071","targetHints":{"allow":["GET"]}}],"collection":[{"href":"http:\/\/argentinamunicipal.com.ar\/argentina\/wp-json\/wp\/v2\/posts"}],"about":[{"href":"http:\/\/argentinamunicipal.com.ar\/argentina\/wp-json\/wp\/v2\/types\/post"}],"author":[{"embeddable":true,"href":"http:\/\/argentinamunicipal.com.ar\/argentina\/wp-json\/wp\/v2\/users\/2"}],"replies":[{"embeddable":true,"href":"http:\/\/argentinamunicipal.com.ar\/argentina\/wp-json\/wp\/v2\/comments?post=41071"}],"version-history":[{"count":0,"href":"http:\/\/argentinamunicipal.com.ar\/argentina\/wp-json\/wp\/v2\/posts\/41071\/revisions"}],"wp:featuredmedia":[{"embeddable":true,"href":"http:\/\/argentinamunicipal.com.ar\/argentina\/wp-json\/wp\/v2\/media\/41072"}],"wp:attachment":[{"href":"http:\/\/argentinamunicipal.com.ar\/argentina\/wp-json\/wp\/v2\/media?parent=41071"}],"wp:term":[{"taxonomy":"category","embeddable":true,"href":"http:\/\/argentinamunicipal.com.ar\/argentina\/wp-json\/wp\/v2\/categories?post=41071"},{"taxonomy":"post_tag","embeddable":true,"href":"http:\/\/argentinamunicipal.com.ar\/argentina\/wp-json\/wp\/v2\/tags?post=41071"}],"curies":[{"name":"wp","href":"https:\/\/api.w.org\/{rel}","templated":true}]}}