{"id":41115,"date":"2015-12-28T06:36:21","date_gmt":"2015-12-28T09:36:21","guid":{"rendered":"http:\/\/argentinamunicipal.com.ar\/argentina\/?p=41115"},"modified":"2015-12-28T06:36:21","modified_gmt":"2015-12-28T09:36:21","slug":"buenos-aires-ya-acuerdo-limitar-las-reelecciones-los-intendentes","status":"publish","type":"post","link":"http:\/\/argentinamunicipal.com.ar\/argentina\/buenos-aires-ya-acuerdo-limitar-las-reelecciones-los-intendentes\/","title":{"rendered":"Buenos Aires: Ya hay acuerdo para limitar las reelecciones de los intendentes"},"content":{"rendered":"<p><a href=\"http:\/\/argentinamunicipal.com.ar\/argentina\/wp-content\/uploads\/2015\/12\/big_2394ffca97280f18d3c7398375f7ef92.jpg\"><img loading=\"lazy\" decoding=\"async\" class=\"aligncenter size-full wp-image-41116\" src=\"http:\/\/argentinamunicipal.com.ar\/argentina\/wp-content\/uploads\/2015\/12\/big_2394ffca97280f18d3c7398375f7ef92.jpg\" alt=\"big_2394ffca97280f18d3c7398375f7ef92\" width=\"621\" height=\"334\" srcset=\"http:\/\/argentinamunicipal.com.ar\/argentina\/wp-content\/uploads\/2015\/12\/big_2394ffca97280f18d3c7398375f7ef92.jpg 621w, http:\/\/argentinamunicipal.com.ar\/argentina\/wp-content\/uploads\/2015\/12\/big_2394ffca97280f18d3c7398375f7ef92-300x161.jpg 300w\" sizes=\"auto, (max-width: 621px) 100vw, 621px\" \/><\/a><br \/>\nLos jefes comunales, los diputados y los senadores s\u00f3lo podr\u00e1n estar en sus cargos dos per\u00edodos<\/p>\n<p>Los intendentes y los legisladores provinciales ya no podr\u00e1n ser reelectos indefinidamente y s\u00f3lo podr\u00e1n estar en esos cargos dos per\u00edodos consecutivos. La modificaci\u00f3n -que recoge un reclamo hist\u00f3rico de un sector de la dirigencia pol\u00edtica bonaerense- ser\u00e1 tratada esta semana en la C\u00e1mara de Diputados y el Senado, donde hay acuerdo para que se sancione.<\/p>\n<p>El proyecto fue impulsado por los diputados del Frente Renovador por expresa orden de Sergio Massa. Y form\u00f3 parte de las negociaciones entre el ex intendente de Tigre y la gobernadora Mar\u00eda Eugenia Vidal en torno al Presupuesto y la Ley Impositiva.<\/p>\n<p>En ese marco, los legisladores de Cambiemos comprometieron su respaldo a la iniciativa, que tambi\u00e9n ser\u00e1 votada por las bancadas del GEN.<\/p>\n<p>El proyecto form\u00f3 parte de las negociaciones entre Masa y Vidal por el Presupuesto en la Legislatura<\/p>\n<p>El proyecto del Frente Renovador -firmado por los diputados Ramiro Guti\u00e9rrez, Lisandro Bonelli y Valeria Arata- limita los mandatos de los jefes comunales, senadores y diputados provinciales a dos per\u00edodos consecutivos, con posibilidad de volver a ser elegidos con un intervalo de cuatro a\u00f1os, a partir de una modificaci\u00f3n de los art\u00edculos 3, 7 y 92 de la Ley Org\u00e1nica de las Municipalidades (6769\/58).<\/p>\n<p>En cambio, la iniciativa no pone tope al mandato de concejales<\/p>\n<p>MANDATOS<\/p>\n<p>De aprobarse la iniciativa, el art\u00edculo 3\u00ba de la ley establecer\u00e1: \u201cEl Intendente y los Concejales ser\u00e1n elegidos directamente por el pueblo, durar\u00e1n cuatro (4) a\u00f1os en sus funciones y podr\u00e1n ser reelectos.<\/p>\n<p>En el caso de los intendentes, s\u00f3lo podr\u00e1n ser reelectos por un per\u00edodo consecutivo y elegidos nuevamente con el intervalo de un per\u00edodo. El Concejo se renovar\u00e1 por mitades cada dos (2) a\u00f1os\u201d.<\/p>\n<p>De esta manera, los jefes comunales s\u00f3lo podr\u00e1n estar consecutivamente ocho a\u00f1os al frente de una intendencia, aunque dejando pasar un per\u00edodo podr\u00e1n volver a presentarse para el cargo.<\/p>\n<p>La ley no es retroactiva, es decir que reci\u00e9n comienza a regir a partir de 2019, y quienes hoy ocupan el cargo de intendente podr\u00e1n presentarse tanto en las elecciones de ese a\u00f1o como en las de 2023.<\/p>\n<p>Otra de las modificaciones del proyecto del Frente Renovador est\u00e1 en el art\u00edculo 7, que establece que las funciones del intendente y los concejales son incompatibles con las de \u201cGobernador, Vicegobernador, Ministros y Miembros de los Poderes Legislativo, Ejecutivo y Judicial, Nacionales o Provinciales\u201d. Y tambi\u00e9n \u201ccon las de empleado a sueldo de la Municipalidad o de la Polic\u00eda\u201d.<\/p>\n<p>Es decir que un concejal no podr\u00e1 ocupar otro cargo pol\u00edtico, a\u00fan cuando renuncie a una de las dietas, como s\u00ed lo permite le ley vigente. Los \u00fanicos cargos p\u00fablicos que se pueden ejercer, adem\u00e1s del de concejal o intendente es el de m\u00e9dico o de docente de una entidad p\u00fablica.<\/p>\n<p>Por otra parte, el proyecto tambi\u00e9n modificaci\u00f3n de la Ley Electoral de la Provincia de Buenos Aires (5109), y pide la incorporaci\u00f3n del art\u00edculo 13 BIS, que quedar\u00e1 redactado de la siguiente manera: \u201c Los Diputados y Senadores ser\u00e1n elegidos directamente por el pueblo, durar\u00e1n cuatro a\u00f1os en sus funciones y s\u00f3lo podr\u00e1n ser reelectos por un per\u00edodo consecutivo y elegidos nuevamente con el intervalo de un per\u00edodo. Ambas C\u00e1maras se renovar\u00e1n por mitades cada dos (2) a\u00f1os\u201d.<\/p>\n<p><strong>Concejales<\/strong><\/p>\n<p>El proyecto de ley impulsado por el massismo tambi\u00e9n elimina la posibiliad de que los concejales ocupen otro cargo pol\u00edtico incluso aunque renuncie a cobrar su dieta, como habilita la legislaci\u00f3n actual<\/p>\n<h6>Fuente: El D\u00eda<\/h6>\n","protected":false},"excerpt":{"rendered":"<p>Los jefes comunales, los diputados y los senadores s\u00f3lo podr\u00e1n estar en sus cargos dos per\u00edodos Los intendentes y los legisladores provinciales ya no podr\u00e1n ser reelectos indefinidamente y s\u00f3lo podr\u00e1n estar en esos cargos dos per\u00edodos consecutivos. La modificaci\u00f3n -que recoge un reclamo hist\u00f3rico de un sector de la dirigencia pol\u00edtica bonaerense- ser\u00e1 tratada<\/p>\n","protected":false},"author":2,"featured_media":41116,"comment_status":"closed","ping_status":"closed","sticky":false,"template":"","format":"standard","meta":{"footnotes":""},"categories":[4],"tags":[12],"class_list":["post-41115","post","type-post","status-publish","format-standard","has-post-thumbnail","hentry","category-informe-politico","tag-buenos-aires"],"_links":{"self":[{"href":"http:\/\/argentinamunicipal.com.ar\/argentina\/wp-json\/wp\/v2\/posts\/41115","targetHints":{"allow":["GET"]}}],"collection":[{"href":"http:\/\/argentinamunicipal.com.ar\/argentina\/wp-json\/wp\/v2\/posts"}],"about":[{"href":"http:\/\/argentinamunicipal.com.ar\/argentina\/wp-json\/wp\/v2\/types\/post"}],"author":[{"embeddable":true,"href":"http:\/\/argentinamunicipal.com.ar\/argentina\/wp-json\/wp\/v2\/users\/2"}],"replies":[{"embeddable":true,"href":"http:\/\/argentinamunicipal.com.ar\/argentina\/wp-json\/wp\/v2\/comments?post=41115"}],"version-history":[{"count":0,"href":"http:\/\/argentinamunicipal.com.ar\/argentina\/wp-json\/wp\/v2\/posts\/41115\/revisions"}],"wp:featuredmedia":[{"embeddable":true,"href":"http:\/\/argentinamunicipal.com.ar\/argentina\/wp-json\/wp\/v2\/media\/41116"}],"wp:attachment":[{"href":"http:\/\/argentinamunicipal.com.ar\/argentina\/wp-json\/wp\/v2\/media?parent=41115"}],"wp:term":[{"taxonomy":"category","embeddable":true,"href":"http:\/\/argentinamunicipal.com.ar\/argentina\/wp-json\/wp\/v2\/categories?post=41115"},{"taxonomy":"post_tag","embeddable":true,"href":"http:\/\/argentinamunicipal.com.ar\/argentina\/wp-json\/wp\/v2\/tags?post=41115"}],"curies":[{"name":"wp","href":"https:\/\/api.w.org\/{rel}","templated":true}]}}