{"id":41223,"date":"2015-12-29T07:58:13","date_gmt":"2015-12-29T10:58:13","guid":{"rendered":"http:\/\/argentinamunicipal.com.ar\/argentina\/?p=41223"},"modified":"2015-12-29T07:58:13","modified_gmt":"2015-12-29T10:58:13","slug":"noetinger-la-intendencia-entrego-viviendas-construidas-flamantes-propietarios","status":"publish","type":"post","link":"http:\/\/argentinamunicipal.com.ar\/argentina\/noetinger-la-intendencia-entrego-viviendas-construidas-flamantes-propietarios\/","title":{"rendered":"En Noetinger la intendencia entreg\u00f3 viviendas construidas por sus flamantes propietarios"},"content":{"rendered":"<p><a href=\"http:\/\/argentinamunicipal.com.ar\/argentina\/wp-content\/uploads\/2015\/12\/DSC08455-pq-e1451386683559.jpg\"><img loading=\"lazy\" decoding=\"async\" class=\"aligncenter wp-image-41224 size-full\" src=\"http:\/\/argentinamunicipal.com.ar\/argentina\/wp-content\/uploads\/2015\/12\/DSC08455-pq-e1451386683559.jpg\" alt=\"\" width=\"650\" height=\"404\" srcset=\"http:\/\/argentinamunicipal.com.ar\/argentina\/wp-content\/uploads\/2015\/12\/DSC08455-pq-e1451386683559.jpg 650w, http:\/\/argentinamunicipal.com.ar\/argentina\/wp-content\/uploads\/2015\/12\/DSC08455-pq-e1451386683559-300x186.jpg 300w\" sizes=\"auto, (max-width: 650px) 100vw, 650px\" \/><\/a><\/p>\n<p>El intendente de Noetinger, \u00c1ngel Bevilacqua, encabez\u00f3 el acto de inauguraci\u00f3n de las viviendas construidas en el marco del Plan Municipal \u201cMi Casa\u201d, que establece la modalidad de autoconstrucci\u00f3n de parte de los propietarios.<\/p>\n<p>Adem\u00e1s, ayer fue habilitado el Parque El Regalo, un espacio p\u00fablico que recuper\u00f3 la actual administraci\u00f3n comunal.<\/p>\n<p>Con una inversi\u00f3n que super\u00f3 los 2 millones de pesos, la Municipalidad local entreg\u00f3 a los propietarios las distintas unidades habitaciones. Los fondos fueron aportados por el anterior Gobierno nacional, la Provincia y la intendencia local.<\/p>\n<p>El proyecto habitacional comenz\u00f3 a gestarse en 2013 cuando el anterior Concejo Deliberante aprob\u00f3 la ordenanza que le dio vida al Plan Municipal de Vivienda \u201cMi Casa, Mi Lugar\u201d, mediante un sistema de c\u00edrculo cerrado de ahorro y adjudicaci\u00f3n.<\/p>\n<p>Las unidades cuentan con dos dormitorios y fueron parte de las acciones concretadas por la administraci\u00f3n Bevilacqua para solucionar el d\u00e9ficit habitacional de Noetinger. La ejecuci\u00f3n de las tareas se realiz\u00f3 a trav\u00e9s del sistema de \u201cautoconstrucci\u00f3n\u201d a cargo de los respectivos adjudicatarios y bajo la supervisi\u00f3n del municipio.<\/p>\n<h6>Fuente: La Ma\u00f1ana de C\u00f3rdoba<\/h6>\n","protected":false},"excerpt":{"rendered":"<p>El intendente de Noetinger, \u00c1ngel Bevilacqua, encabez\u00f3 el acto de inauguraci\u00f3n de las viviendas construidas en el marco del Plan Municipal \u201cMi Casa\u201d, que establece la modalidad de autoconstrucci\u00f3n de parte de los propietarios. Adem\u00e1s, ayer fue habilitado el Parque El Regalo, un espacio p\u00fablico que recuper\u00f3 la actual administraci\u00f3n comunal. Con una inversi\u00f3n que<\/p>\n","protected":false},"author":2,"featured_media":41224,"comment_status":"closed","ping_status":"closed","sticky":false,"template":"","format":"standard","meta":{"footnotes":""},"categories":[2],"tags":[3],"class_list":["post-41223","post","type-post","status-publish","format-standard","has-post-thumbnail","hentry","category-informe-municipal","tag-cordoba"],"_links":{"self":[{"href":"http:\/\/argentinamunicipal.com.ar\/argentina\/wp-json\/wp\/v2\/posts\/41223","targetHints":{"allow":["GET"]}}],"collection":[{"href":"http:\/\/argentinamunicipal.com.ar\/argentina\/wp-json\/wp\/v2\/posts"}],"about":[{"href":"http:\/\/argentinamunicipal.com.ar\/argentina\/wp-json\/wp\/v2\/types\/post"}],"author":[{"embeddable":true,"href":"http:\/\/argentinamunicipal.com.ar\/argentina\/wp-json\/wp\/v2\/users\/2"}],"replies":[{"embeddable":true,"href":"http:\/\/argentinamunicipal.com.ar\/argentina\/wp-json\/wp\/v2\/comments?post=41223"}],"version-history":[{"count":0,"href":"http:\/\/argentinamunicipal.com.ar\/argentina\/wp-json\/wp\/v2\/posts\/41223\/revisions"}],"wp:featuredmedia":[{"embeddable":true,"href":"http:\/\/argentinamunicipal.com.ar\/argentina\/wp-json\/wp\/v2\/media\/41224"}],"wp:attachment":[{"href":"http:\/\/argentinamunicipal.com.ar\/argentina\/wp-json\/wp\/v2\/media?parent=41223"}],"wp:term":[{"taxonomy":"category","embeddable":true,"href":"http:\/\/argentinamunicipal.com.ar\/argentina\/wp-json\/wp\/v2\/categories?post=41223"},{"taxonomy":"post_tag","embeddable":true,"href":"http:\/\/argentinamunicipal.com.ar\/argentina\/wp-json\/wp\/v2\/tags?post=41223"}],"curies":[{"name":"wp","href":"https:\/\/api.w.org\/{rel}","templated":true}]}}