{"id":41229,"date":"2015-12-29T08:11:30","date_gmt":"2015-12-29T11:11:30","guid":{"rendered":"http:\/\/argentinamunicipal.com.ar\/argentina\/?p=41229"},"modified":"2015-12-29T08:39:47","modified_gmt":"2015-12-29T11:39:47","slug":"gobierno-puso-funcionamiento-sistema-federal-emergencias","status":"publish","type":"post","link":"http:\/\/argentinamunicipal.com.ar\/argentina\/gobierno-puso-funcionamiento-sistema-federal-emergencias\/","title":{"rendered":"El Gobierno puso en funcionamiento el Sistema Federal de Emergencias"},"content":{"rendered":"<p>Se trata de un organismo clave para la detecci\u00f3n temprana y acci\u00f3n ante fen\u00f3menos naturales. El ministro del Interior confirm\u00f3 la evacuaci\u00f3n de 20.000 personas en el Litoral y anunci\u00f3 obras en Concordia.<\/p>\n<p>Michetti lo hizo durante un encuentro que se llev\u00f3 a cabo en la Casa de Gobierno, con la asistencia del jefe de Gabinete, Marcos Pe\u00f1a; Frigerio, y la ministra de Seguridad, Patricia Bullrich, as\u00ed como jefes de las fuerzas armadas y de seguridad, entre otros funcionarios.<\/p>\n<p>En declaraciones a la prensa, Frigerio anunci\u00f3 la construcci\u00f3n de dos acueductos en Concordia para que \u201clleve agua que sobra a otros lugares del pa\u00eds en la que falta\u201d, y prometi\u00f3 un plan de tres etapas para aportar soluciones a los afectados por inundaciones y \u201cevitar que estos fen\u00f3menos nos encuentren sin repuestas\u201d.<\/p>\n<p>El funcionario indic\u00f3 que los evacuados en las provincias del Litoral \u201ccontin\u00faan siendo 20.000\u201d y sostuvo que aunque la situaci\u00f3n est\u00e1 \u00abestabilizada\u00bb, estar\u00e1n \u201calertas\u201d en el pr\u00f3ximo semestre por eventuales lluvias y crecidas de r\u00edos.<\/p>\n<p>Asimismo, anticip\u00f3 la construcci\u00f3n de 250 viviendas en Concordia para los habitantes de las zonas de menor cota, y admiti\u00f3 que ser\u00e1 \u00abun proceso largo\u00bb la soluci\u00f3n de la situaci\u00f3n por la inundaciones, por lo cual el Gobierno nacional sigue \u00abminuto a minuto\u00bb los acontecimientos.<\/p>\n<p>Por su parte, Michetti adelant\u00f3 que el Sifem \u201cva a permitir coordinar y articular mucho mejor las tareas en estas situaciones\u00bb para las que \u00abse requiere celeridad y eficacia\u201d, y remarc\u00f3 que se debe \u201ctrabajar en todas las \u00e1reas en equipo y en conjunto y no cort\u00e1ndose cada organismo por s\u00ed solo y no dupliquen esfuerzos y se diluyan en la realidad\u201d.<\/p>\n<p>En tanto, Pe\u00f1a destac\u00f3 que el viernes pasado y durante el fin de semana varios ministros estuvieron en Concordia, Chaco y Corrientes, y se dirigi\u00f3 a los afectados: \u201cEl agua genera un nivel de angustia y preocupaci\u00f3n y planteamos que no est\u00e1n solo y tenemos el compromiso de estar cerca de quienes est\u00e1n viviendo este momento dif\u00edcil\u201d.<\/p>\n<p>El jefe de Gabinete se comprometi\u00f3 a una mejor preparaci\u00f3n ante este tipo de eventos y acot\u00f3 que \u201cesta situaci\u00f3n del Ni\u00f1o se sab\u00eda desde hace varios meses y hay mucho que mejorar en la capacidad del Estado para dar respuestas y prever emergencias y evitarlas con obras de infraestructura que hacen falta, pero tambi\u00e9n para fortalecer las capacidades para asistencia en las emergencias\u201d.<\/p>\n<p>Asegur\u00f3 que todas las \u00e1reas del Gobierno \u201cest\u00e1n comprometidas y trabajando articuladamente con todos los gobiernos provinciales\u00bb.<\/p>\n<p>\u00abSomos un solo equipo y no nos importa las bander\u00edas pol\u00edticas, s\u00f3lo trabajar juntos para llevar asistencia y ayuda a los argentinos ante esa situaci\u00f3n\u201d, manifest\u00f3.<\/p>\n<p>A su turno, Bullrich adelant\u00f3 que se analizar\u00e1 un protocolo de acci\u00f3n ante fen\u00f3menos previsibles e imprevisibles en el pa\u00eds para que todos \u201csepan que hacer en una emergencia\u201d, y precis\u00f3 que antes debe realizarse \u201cun an\u00e1lisis de riesgo lo mas cient\u00edficamente posible con todos los organismos del Estado\u201d para conocer con anticipaci\u00f3n las emergencias que puedan haber.<\/p>\n<p>Tambi\u00e9n se mostr\u00f3 partidaria de que los organismos federales deban \u201cestar en el lugar\u201d, como las Fuerzas Armadas y de Seguridad y los organismos pertinentes para una emergencia, y a\u00f1adi\u00f3 que la Sifem adem\u00e1s trabajar\u00e1 en la reparaci\u00f3n y construcci\u00f3n posterior, as\u00ed como los recursos ordenados y con capacidad de respuestas.<\/p>\n<p>El Sistema Federal de Emergencias est\u00e1 compuesto por representantes de los ministerios, Secretar\u00eda de Protecci\u00f3n Civil, Polic\u00eda Federal y de Seguridad Aeroportuaria, Gendarmer\u00eda Nacional, Prefectura, Instituto Geogr\u00e1fico Militar, Estado Mayor Conjunto, Servicio Meteorol\u00f3gico Nacional, Instituto Hidrogr\u00e1fico, Emergencias Sanitarias, Cascos Blancos, organismos de puertos y vialidad, entre otros.<\/p>\n<h6>Fuente: T\u00e9lam<\/h6>\n","protected":false},"excerpt":{"rendered":"<p>Se trata de un organismo clave para la detecci\u00f3n temprana y acci\u00f3n ante fen\u00f3menos naturales. El ministro del Interior confirm\u00f3 la evacuaci\u00f3n de 20.000 personas en el Litoral y anunci\u00f3 obras en Concordia. Michetti lo hizo durante un encuentro que se llev\u00f3 a cabo en la Casa de Gobierno, con la asistencia del jefe de<\/p>\n","protected":false},"author":2,"featured_media":0,"comment_status":"closed","ping_status":"closed","sticky":false,"template":"","format":"standard","meta":{"footnotes":""},"categories":[8],"tags":[21],"class_list":["post-41229","post","type-post","status-publish","format-standard","hentry","category-informe-nacional","tag-argentina"],"_links":{"self":[{"href":"http:\/\/argentinamunicipal.com.ar\/argentina\/wp-json\/wp\/v2\/posts\/41229","targetHints":{"allow":["GET"]}}],"collection":[{"href":"http:\/\/argentinamunicipal.com.ar\/argentina\/wp-json\/wp\/v2\/posts"}],"about":[{"href":"http:\/\/argentinamunicipal.com.ar\/argentina\/wp-json\/wp\/v2\/types\/post"}],"author":[{"embeddable":true,"href":"http:\/\/argentinamunicipal.com.ar\/argentina\/wp-json\/wp\/v2\/users\/2"}],"replies":[{"embeddable":true,"href":"http:\/\/argentinamunicipal.com.ar\/argentina\/wp-json\/wp\/v2\/comments?post=41229"}],"version-history":[{"count":0,"href":"http:\/\/argentinamunicipal.com.ar\/argentina\/wp-json\/wp\/v2\/posts\/41229\/revisions"}],"wp:attachment":[{"href":"http:\/\/argentinamunicipal.com.ar\/argentina\/wp-json\/wp\/v2\/media?parent=41229"}],"wp:term":[{"taxonomy":"category","embeddable":true,"href":"http:\/\/argentinamunicipal.com.ar\/argentina\/wp-json\/wp\/v2\/categories?post=41229"},{"taxonomy":"post_tag","embeddable":true,"href":"http:\/\/argentinamunicipal.com.ar\/argentina\/wp-json\/wp\/v2\/tags?post=41229"}],"curies":[{"name":"wp","href":"https:\/\/api.w.org\/{rel}","templated":true}]}}