{"id":41231,"date":"2015-12-29T08:13:44","date_gmt":"2015-12-29T11:13:44","guid":{"rendered":"http:\/\/argentinamunicipal.com.ar\/argentina\/?p=41231"},"modified":"2015-12-29T08:13:44","modified_gmt":"2015-12-29T11:13:44","slug":"reactivan-la-fabrica-baldosas-municipal-bermudez","status":"publish","type":"post","link":"http:\/\/argentinamunicipal.com.ar\/argentina\/reactivan-la-fabrica-baldosas-municipal-bermudez\/","title":{"rendered":"Reactivan la f\u00e1brica de baldosas municipal en Berm\u00fadez"},"content":{"rendered":"<p><a href=\"http:\/\/argentinamunicipal.com.ar\/argentina\/wp-content\/uploads\/2015\/12\/131108_cordon-industrial.jpg\"><img loading=\"lazy\" decoding=\"async\" class=\"aligncenter size-full wp-image-41233\" src=\"http:\/\/argentinamunicipal.com.ar\/argentina\/wp-content\/uploads\/2015\/12\/131108_cordon-industrial.jpg\" alt=\"131108_cordon-industrial\" width=\"544\" height=\"268\" srcset=\"http:\/\/argentinamunicipal.com.ar\/argentina\/wp-content\/uploads\/2015\/12\/131108_cordon-industrial.jpg 544w, http:\/\/argentinamunicipal.com.ar\/argentina\/wp-content\/uploads\/2015\/12\/131108_cordon-industrial-300x148.jpg 300w\" sizes=\"auto, (max-width: 544px) 100vw, 544px\" \/><\/a><br \/>\nCon la puesta en marcha de la producci\u00f3n de baldosas, \u00e9sta nueva gesti\u00f3n reducir\u00e1 los costos de inversi\u00f3n en materiales para la construcci\u00f3n de obra p\u00fablica.<\/p>\n<p>\u201cEstas son las pol\u00edticas que nunca se tendr\u00edan que haber dejado de lado, y ahora por decisi\u00f3n del Intendente Daniel Cinalli se reactiv\u00f3 \u00e9sta f\u00e1brica, a pesar que todos saben perfectamente en el estado que se encontraba el Corral\u00f3n Municipal, con constancia y trabajo vamos mejorando el parque automotor y ahora con la reactivaci\u00f3n de este espacio laboral estamos recuperando el patrimonio municipal, para as\u00ed brindar beneficios a la comunidad bermudence\u201d, \u00a0expres\u00f3 el Subsecretario de Obras P\u00fablicas Jorge Pardel<\/p>\n<h6>Fuente: Sin Mordaza<\/h6>\n","protected":false},"excerpt":{"rendered":"<p>Con la puesta en marcha de la producci\u00f3n de baldosas, \u00e9sta nueva gesti\u00f3n reducir\u00e1 los costos de inversi\u00f3n en materiales para la construcci\u00f3n de obra p\u00fablica. \u201cEstas son las pol\u00edticas que nunca se tendr\u00edan que haber dejado de lado, y ahora por decisi\u00f3n del Intendente Daniel Cinalli se reactiv\u00f3 \u00e9sta f\u00e1brica, a pesar que todos<\/p>\n","protected":false},"author":2,"featured_media":41233,"comment_status":"closed","ping_status":"closed","sticky":false,"template":"","format":"standard","meta":{"footnotes":""},"categories":[2],"tags":[10],"class_list":["post-41231","post","type-post","status-publish","format-standard","has-post-thumbnail","hentry","category-informe-municipal","tag-santa-fe"],"_links":{"self":[{"href":"http:\/\/argentinamunicipal.com.ar\/argentina\/wp-json\/wp\/v2\/posts\/41231","targetHints":{"allow":["GET"]}}],"collection":[{"href":"http:\/\/argentinamunicipal.com.ar\/argentina\/wp-json\/wp\/v2\/posts"}],"about":[{"href":"http:\/\/argentinamunicipal.com.ar\/argentina\/wp-json\/wp\/v2\/types\/post"}],"author":[{"embeddable":true,"href":"http:\/\/argentinamunicipal.com.ar\/argentina\/wp-json\/wp\/v2\/users\/2"}],"replies":[{"embeddable":true,"href":"http:\/\/argentinamunicipal.com.ar\/argentina\/wp-json\/wp\/v2\/comments?post=41231"}],"version-history":[{"count":0,"href":"http:\/\/argentinamunicipal.com.ar\/argentina\/wp-json\/wp\/v2\/posts\/41231\/revisions"}],"wp:featuredmedia":[{"embeddable":true,"href":"http:\/\/argentinamunicipal.com.ar\/argentina\/wp-json\/wp\/v2\/media\/41233"}],"wp:attachment":[{"href":"http:\/\/argentinamunicipal.com.ar\/argentina\/wp-json\/wp\/v2\/media?parent=41231"}],"wp:term":[{"taxonomy":"category","embeddable":true,"href":"http:\/\/argentinamunicipal.com.ar\/argentina\/wp-json\/wp\/v2\/categories?post=41231"},{"taxonomy":"post_tag","embeddable":true,"href":"http:\/\/argentinamunicipal.com.ar\/argentina\/wp-json\/wp\/v2\/tags?post=41231"}],"curies":[{"name":"wp","href":"https:\/\/api.w.org\/{rel}","templated":true}]}}