{"id":41236,"date":"2015-12-29T08:20:09","date_gmt":"2015-12-29T11:20:09","guid":{"rendered":"http:\/\/argentinamunicipal.com.ar\/argentina\/?p=41236"},"modified":"2016-01-04T08:12:02","modified_gmt":"2016-01-04T11:12:02","slug":"gobernador-rios-confirmo-obras-ciudades-estan-afectadas-las-inundaciones","status":"publish","type":"post","link":"http:\/\/argentinamunicipal.com.ar\/argentina\/gobernador-rios-confirmo-obras-ciudades-estan-afectadas-las-inundaciones\/","title":{"rendered":"El Gobernador de Entre R\u00edos\u00a0confirm\u00f3 obras en ciudades que est\u00e1n afectadas por las inundaciones"},"content":{"rendered":"<p><a href=\"http:\/\/argentinamunicipal.com.ar\/argentina\/wp-content\/uploads\/2015\/12\/o_1451359109.jpg\"><img loading=\"lazy\" decoding=\"async\" class=\"aligncenter size-full wp-image-41237\" src=\"http:\/\/argentinamunicipal.com.ar\/argentina\/wp-content\/uploads\/2015\/12\/o_1451359109.jpg\" alt=\"o_1451359109\" width=\"640\" height=\"360\" srcset=\"http:\/\/argentinamunicipal.com.ar\/argentina\/wp-content\/uploads\/2015\/12\/o_1451359109.jpg 640w, http:\/\/argentinamunicipal.com.ar\/argentina\/wp-content\/uploads\/2015\/12\/o_1451359109-300x169.jpg 300w\" sizes=\"auto, (max-width: 640px) 100vw, 640px\" \/><\/a><br \/>\nEl primer mandatario provincial recorri\u00f3 ayer las ciudades de San Jos\u00e9, Col\u00f3n, Liebig y El Brillante, todas del departamento Col\u00f3n, donde tom\u00f3 contacto con las autoridades locales y las personas evacuadas. Explic\u00f3 las tareas que se llevan a cabo en cada lugar y que las obras se concretar\u00e1n una vez que baje el agua.<\/p>\n<p>El gobernador Gustavo Bordet recorri\u00f3 las zonas inundadas de diferentes ciudades del departamento Col\u00f3n, donde actualmente hay 1.325 personas asistidas fuera de su hogar, la mayor\u00eda autoevacuados.<\/p>\n<p>El mandatario explic\u00f3 las tareas que se realizan por la crecida del r\u00edo Uruguay, en conjunto con la Naci\u00f3n y los municipios, y las obras que se concretar\u00e1n al bajar el nivel de agua, fundamentalmente de viviendas y defensa.<\/p>\n<p>Bordet lleg\u00f3 a la ciudad de Col\u00f3n donde visit\u00f3 un centro de evacuados y las zonas inundadas, y luego hizo lo propio en las localidades de San Jos\u00e9, El Brillante y Liebig. El mandatario brind\u00f3 una conferencia de prensa en la cabecera departamental junto a los intendentes de Col\u00f3n, Mariano Rebord; de San Jos\u00e9, Irma Monjo; y los presidentes de Juntas de Gobierno de las respectivas localidades. Tambi\u00e9n participaron los ministros de Gobierno, Mauro Urribarri; y de Salud, Ariel de la Rosa; el diputado nacional Marcelo Monfort; y los legisladores provinciales Pablo Canali y Miriam Lambert; junto a los jefes de Polic\u00eda, de Bomberos y el coordinador de Defensa Civil.<\/p>\n<p><strong>OBRAS Y ASISTENCIA.<\/strong> El gobernador detall\u00f3 las tareas que se viene realizando en todas las ciudades en el marco de la emergencia y las acciones y las obras que se har\u00e1n al descender el nivel de agua. Indic\u00f3 que fundamentalmente se trabajar\u00e1 en obras de vivienda y de defensa tanto en Col\u00f3n como en Concordia y otras ciudades que lo requieran, no s\u00f3lo de la costa del Uruguay sino tambi\u00e9n de la costa del Paran\u00e1.<\/p>\n<p>En relaci\u00f3n a Col\u00f3n detall\u00f3: \u201cHemos conversado con el intendente Rebord de plantear estas obras estrat\u00e9gicas como la defensa de la zona sur y tambi\u00e9n tener programas de viviendas\u201d, dijo el mandatario y adelant\u00f3 que hoy visitar\u00e1 la ciudad de La Paz, ubicada en la costa del r\u00edo Paran\u00e1, donde tambi\u00e9n hay familias evacuadas, \u201carticulando acciones de asistencia para quienes est\u00e1n padeciendo este fen\u00f3meno\u201d.<\/p>\n<p>Explic\u00f3 que la crecida que ocurre en el r\u00edo Uruguay \u201ces extraordinaria\u201d, sin registros desde 1959, y que ha provocado a evacuaci\u00f3n de m\u00e1s de 10.000 personas en la provincia, afectando tambi\u00e9n el casco urbano de las ciudades.<\/p>\n<p>\u201cDesde que comenz\u00f3 el evento hemos estado en permanente contacto con las autoridades del gobierno nacional para solicitar toda la ayuda necesaria y tambi\u00e9n con los gobiernos locales para poder entre todos trabajar y abordar cada uno de los aspectos de una creciente de esta naturaleza\u201d, indic\u00f3.<\/p>\n<p>Apunt\u00f3 que la mayor preocupaci\u00f3n es preservar en primer lugar la vida y la integridad f\u00edsica de las personas y despu\u00e9s sus bienes, tanto la vivienda como los muebles.<\/p>\n<p>En tal aspecto destac\u00f3 los operativos de patrullaje que realizan las fuerzas de seguridad y apunt\u00f3 que no se han recibido denuncias de delitos en ninguna de las ciudades.<\/p>\n<p>Indic\u00f3 que otra de las tareas que se llevan adelante es la contenci\u00f3n sociosanitaria de las personas evacuadas, con asistencia de salud y psicol\u00f3gica, con los respectivos profesionales, y de alimentaci\u00f3n.<\/p>\n<p>\u201cHemos estado proveyendo todos los elementos necesarios para que las personas tengan la contenci\u00f3n social y con alimentos que se brindan en los centros de evacuados\u201d, dijo Bordet y apunt\u00f3 que luego de que baje el nivel de agua se deber\u00e1 encarar otra tarea sanitaria que tambi\u00e9n ya est\u00e1 prevista como as\u00ed tambi\u00e9n el restablecimiento de los servicios b\u00e1sicos en todas las ciudades, para lo cual est\u00e1 comprometido el apoyo de gobierno nacional.<\/p>\n<p><strong>PRODUCCI\u00d3N<\/strong>. Bordet indic\u00f3 que tambi\u00e9n se est\u00e1 trabajando con los sectores productivos en virtud de la incidencia de la crecida que deterioraron siete represas arroceras del norte entrerriano, en el ganado vacuno que se encuentra en zona de islas y de otros cultivos que tambi\u00e9n resultaron da\u00f1ados. \u201cSeguimos de cerca las p\u00e9rdidas de cada cultivo\u201d, expres\u00f3 el mandatario, tras lo cual indic\u00f3: \u201cTuvimos la vista del Presidente Mauricio Macri, le planteamos todos estos temas para tenerlos en cuenta y trabajar no solo en la urgencia que nos ocupa hoy sino tambi\u00e9n pensando en la trazabilidad de este evento para los d\u00edas que vienen\u201d.<\/p>\n<p>Destac\u00f3 \u201cel trabajo articulado\u201d que se realiza con el gobierno nacional, con la log\u00edstica necesaria con las \u00e1reas de Salud de Ambiente, de Desarrollo Social y las fuerzas de seguridad, entre otros.<\/p>\n<p><strong>TRABAJO CONJUNTO.<\/strong> Por su parte, el jefe comunal de Col\u00f3n, Mariano Rebord, dijo que se est\u00e1 funcionando \u201cperfectamente bien\u201d ante la emergencia, y agradeci\u00f3 la presencia y el trabajo de las autoridades provinciales y del gobernador Bordet \u201cque ha trabajado a la par nuestra\u201d. Resalt\u00f3 asimismo la tarea realizada por las fuerzas de seguridad en la ciudad.<\/p>\n<p>El intendente de Col\u00f3n aclar\u00f3 adem\u00e1s y de manera especial que no existe ning\u00fan problema con algas en el r\u00edo Uruguay que complique la potabilidad de agua, destacando que el municipio realiza al respecto estudios diarios en sus laboratorios.<\/p>\n<h6>Fuente: El Diario; Entre R\u00edos<\/h6>\n","protected":false},"excerpt":{"rendered":"<p>El Gobernador recorri\u00f3 ayer las ciudades de San Jos\u00e9, Col\u00f3n, Liebig y El Brillante, donde tom\u00f3 contacto con las autoridades locales y las personas evacuadas. Explic\u00f3 las tareas que se llevan a cabo en cada lugar <\/p>\n","protected":false},"author":2,"featured_media":41237,"comment_status":"closed","ping_status":"closed","sticky":false,"template":"","format":"standard","meta":{"footnotes":""},"categories":[2],"tags":[17],"class_list":["post-41236","post","type-post","status-publish","format-standard","has-post-thumbnail","hentry","category-informe-municipal","tag-entre-rios"],"_links":{"self":[{"href":"http:\/\/argentinamunicipal.com.ar\/argentina\/wp-json\/wp\/v2\/posts\/41236","targetHints":{"allow":["GET"]}}],"collection":[{"href":"http:\/\/argentinamunicipal.com.ar\/argentina\/wp-json\/wp\/v2\/posts"}],"about":[{"href":"http:\/\/argentinamunicipal.com.ar\/argentina\/wp-json\/wp\/v2\/types\/post"}],"author":[{"embeddable":true,"href":"http:\/\/argentinamunicipal.com.ar\/argentina\/wp-json\/wp\/v2\/users\/2"}],"replies":[{"embeddable":true,"href":"http:\/\/argentinamunicipal.com.ar\/argentina\/wp-json\/wp\/v2\/comments?post=41236"}],"version-history":[{"count":0,"href":"http:\/\/argentinamunicipal.com.ar\/argentina\/wp-json\/wp\/v2\/posts\/41236\/revisions"}],"wp:featuredmedia":[{"embeddable":true,"href":"http:\/\/argentinamunicipal.com.ar\/argentina\/wp-json\/wp\/v2\/media\/41237"}],"wp:attachment":[{"href":"http:\/\/argentinamunicipal.com.ar\/argentina\/wp-json\/wp\/v2\/media?parent=41236"}],"wp:term":[{"taxonomy":"category","embeddable":true,"href":"http:\/\/argentinamunicipal.com.ar\/argentina\/wp-json\/wp\/v2\/categories?post=41236"},{"taxonomy":"post_tag","embeddable":true,"href":"http:\/\/argentinamunicipal.com.ar\/argentina\/wp-json\/wp\/v2\/tags?post=41236"}],"curies":[{"name":"wp","href":"https:\/\/api.w.org\/{rel}","templated":true}]}}