{"id":41244,"date":"2015-12-29T08:31:36","date_gmt":"2015-12-29T11:31:36","guid":{"rendered":"http:\/\/argentinamunicipal.com.ar\/argentina\/?p=41244"},"modified":"2015-12-29T08:31:36","modified_gmt":"2015-12-29T11:31:36","slug":"ushuaia-se-inauguro-primer-nucleo-acceso-al-conocimiento-municipal","status":"publish","type":"post","link":"http:\/\/argentinamunicipal.com.ar\/argentina\/ushuaia-se-inauguro-primer-nucleo-acceso-al-conocimiento-municipal\/","title":{"rendered":"En Ushuaia se inaugur\u00f3 el primer N\u00facleo de Acceso al Conocimiento municipal"},"content":{"rendered":"<p><a href=\"http:\/\/argentinamunicipal.com.ar\/argentina\/wp-content\/uploads\/2015\/12\/1451347887-600vuoto_bertone_nac_thumb_550.jpg\"><img loading=\"lazy\" decoding=\"async\" class=\"aligncenter size-full wp-image-41245\" src=\"http:\/\/argentinamunicipal.com.ar\/argentina\/wp-content\/uploads\/2015\/12\/1451347887-600vuoto_bertone_nac_thumb_550.jpg\" alt=\"1451347887-600vuoto_bertone_nac_thumb_550\" width=\"550\" height=\"412\" srcset=\"http:\/\/argentinamunicipal.com.ar\/argentina\/wp-content\/uploads\/2015\/12\/1451347887-600vuoto_bertone_nac_thumb_550.jpg 550w, http:\/\/argentinamunicipal.com.ar\/argentina\/wp-content\/uploads\/2015\/12\/1451347887-600vuoto_bertone_nac_thumb_550-300x225.jpg 300w\" sizes=\"auto, (max-width: 550px) 100vw, 550px\" \/><\/a><br \/>\nEl intendente Walter Vuoto y la gobernadora Rosana Bertone encabezaron la inauguraci\u00f3n del primer N\u00facleo de Acceso al Conocimiento (NAC) de Ushuaia, espacio p\u00fablico de instrucci\u00f3n digital que tiene como objetivo permitir a los vecinos el acceso a la conectividad y a las nuevas Tecnolog\u00edas de la Informaci\u00f3n y de las Comunicaciones (TIC). Depende de la Secretar\u00eda de Pol\u00edticas Sociales, Sanitarias y Derechos Humanos de la Municipalidad y est\u00e1 ubicado en la intersecci\u00f3n de Kuanip y La Pampa.<\/p>\n<p>\u00abHace un a\u00f1o habl\u00e1bamos de la necesidad de construir un espacio de acceso a las tecnolog\u00edas y nos pusimos a gestionar esto que hoy es una realidad; parece algo chiquito pero conlleva un mont\u00f3n de sue\u00f1os, de trabajo y de gesti\u00f3n\u00bb, remarc\u00f3 Vuoto durante la ceremonia.<\/p>\n<p>\u00abEn los pr\u00f3ximos d\u00edas vamos a inaugurar el primer Centro de Prevenci\u00f3n de Adicciones de la ciudad que estar\u00e1 ubicado en las 245 Viviendas, y que tambi\u00e9n comprender\u00e1 un segundo N\u00facleo de Acceso al Conocimiento\u00bb, anticip\u00f3 el Intendente.<\/p>\n<p>Al respecto, remarc\u00f3 que \u00abnuestra decisi\u00f3n es hacer obras que contemplen lo social y cambiar radicalmente el orden de prioridades de la Municipalidad\u00bb ya que \u00abvamos a recuperar las herramientas para reconstruir el tejido social\u00bb, y a\u00f1adi\u00f3 que \u00ablas pol\u00edticas sociales van a ser el eje de esta gesti\u00f3n\u00bb.<\/p>\n<p>\u00abLo importante es el modelo de desarrollo integral que propone esta nueva gesti\u00f3n municipal\u00bb, continu\u00f3, y record\u00f3 que \u00aben campa\u00f1a dec\u00edamos que ven\u00edamos a dar las herramientas para que los empleados municipales vuelvan a ser el centro de la escena, que se pueda terminar con las tercerizaciones y los recursos de la Municipalidad puedan ser utilizados para fortalecer al empleado municipal como motor de desarrollo y como motor de la comunidad; uno viene e inaugura, pero despu\u00e9s son ellos los que son los intendentes en los barrios y la cara del Ejecutivo municipal\u00bb.<\/p>\n<p>Adem\u00e1s, plante\u00f3 como prop\u00f3sito \u00abque estas iniciativas puedan ser replicadas en el tiempo\u00bb ya que \u00abes un modelo que esta gesti\u00f3n va a llevar a todos los centros comunitarios\u00bb con el objetivo de que \u00abno solo haya cultura si no tambi\u00e9n nuevas tecnolog\u00edas, que haya discusi\u00f3n de pol\u00edticas sociales y de pol\u00edticas de g\u00e9nero, que haya talleres de formaci\u00f3n. Y queremos que los empleados municipales y los vecinos sean protagonistas de todo eso\u00bb.<\/p>\n<p>Vuoto valor\u00f3 que el NAC \u00abtiene un equipamiento tecnol\u00f3gico de primer nivel que refleja un modelo de desarrollo integral que queremos para todos los barrios de la ciudad. Sabemos que muchas madres hoy no pueden realizar cursos de formaci\u00f3n laboral porque no tienen d\u00f3nde dejar a sus hijos, y hoy el Estado municipal les est\u00e1 dando un espacio en el que puedan capacitarse y tambi\u00e9n traer a sus hijos para que se diviertan y aprendan junto a ellas\u00bb.<\/p>\n<p>En tanto, enfatiz\u00f3 que el NAC \u00abexpresa la continuidad de un modelo de inclusi\u00f3n que concebimos y desarrollamos durante doce a\u00f1os en la Argentina\u00bb.<\/p>\n<p>En esa l\u00ednea, destac\u00f3 que con la gobernadora Rosana Bertone \u00abhablamos siempre sobre todo lo que ella y nosotros gestionamos en estos \u00faltimos doce a\u00f1os para la ciudad y la provincia, y muchas cosas no se pudieron hacer porque no se presentaban las carpetas ya que no hab\u00eda un Ejecutivo presente. Y esto que hoy inauguramos es el resultado de ese trabajo y de esa gesti\u00f3n que se realiz\u00f3 en estos doce a\u00f1os de transformaci\u00f3n y de inclusi\u00f3n\u00bb.<\/p>\n<p>Por \u00faltimo, el jefe del Ejecutivo de la ciudad enfatiz\u00f3 que \u00abpretendemos desde la Municipalidad articular acciones en conjunto con la gesti\u00f3n de la gobernadora\u00bb.<\/p>\n<p>Por su parte, Malena Teszkiewicz, secretaria de Pol\u00edticas Sociales, defini\u00f3 al NAC como \u00abuna herramienta m\u00e1s de instrucci\u00f3n\u00bb ya que \u00abla idea es ampliar derechos, y un derecho que se volvi\u00f3 b\u00e1sico para nuestra comunidad es el de poder acceder a las nuevas tecnolog\u00edas y a los nuevos lenguajes que implican la inform\u00e1tica\u00bb.<\/p>\n<p>\u00abEste va a ser el espacio en el cual se va a poder comenzar a recorrer ese camino\u00bb, indic\u00f3, y anunci\u00f3 que \u00abtenemos pensado inaugurarlo con los abuelos de la colonia de verano\u00bb, quienes \u00abpodr\u00e1n acceder a todos esos lenguajes tecnol\u00f3gicos y tambi\u00e9n podr\u00e1n comunicarse con sus familias ya que las redes sociales nos permiten acercarnos\u00bb.<\/p>\n<p>En esta etapa \u00abtambi\u00e9n vamos a generar un espacio de juegos para que puedan disfrutar junto a sus nietos recuperando ese ida y vuelta que significa el compartir, y vamos a contar con un micro cine\u00bb, ampli\u00f3.<\/p>\n<p>Tambi\u00e9n dijo que \u00abhay varios proyectos ambiciosos para llevar adelante en los que est\u00e1 involucrada la Universidad Nacional de Tierra del Fuego, porque necesitamos capacitar a nuestros j\u00f3venes y certificar esas capacidades para que puedan ser una herramienta de inclusi\u00f3n en el mercado laboral\u00bb. Y a\u00f1adi\u00f3: \u00abEs una posibilidad de seguir incluyendo y de seguir construyendo herramientas para todos y todas, es una puerta que se abre y no va a ser la \u00fanica\u00bb.<\/p>\n<p>Precis\u00f3 que Miguel Andrade va a estar encargado de la coordinaci\u00f3n de enlace con la comunidad, y la direcci\u00f3n del NAC va a estar a cargo de Liliana Barraza.<\/p>\n<p>El cierre de las alocuciones estuvo a cargo de la gobernadora Bertone, quien hizo hincapi\u00e9 en que \u00abel gran desaf\u00edo que tenemos por delante el Estado provincial, el municipal y los trabajadores es recuperar el espacio p\u00fablico de la comunidad\u00bb, el cual \u00bb est\u00e1 destruido\u00bb y por ello \u00abtenemos que encarar un trabajo en conjunto para recuperarlo y destinarlo a lo social, a lo comunitario y a lo cultural\u00bb.<\/p>\n<p>\u00abAdem\u00e1s del abordaje econ\u00f3mico que vamos a seguir haciendo en conjunto con el Municipio hay que realizar un trabajo para integrar a los vecinos, para dar respuesta a sus demandas y brindarles una mejor calidad de vida\u00bb, manifest\u00f3 la Mandataria, a lo que sum\u00f3 que \u00abhay que recuperar vivencias sociales y culturales que fueron dejadas de lado por las \u00faltimas gestiones\u00bb.<\/p>\n<p>Y dirigi\u00e9ndose a Vuoto pidi\u00f3 que \u00abcuenten conmigo y con mis colaboradores para seguir trabajando en conjunto\u00bb.<\/p>\n<p>Cabe mencionar que estuvieron presentes en el acto, entre otros, los integrantes del Gabinete municipal, el diputado nacional Mat\u00edas Rodr\u00edguez (FPV), funcionarios provinciales, concejales, legisladores, y representantes de centros de jubilados y de centros comunitarios de la ciudad.<\/p>\n<h6>Fuente: Sur 54.com<\/h6>\n","protected":false},"excerpt":{"rendered":"<p>El intendente Walter Vuoto y la gobernadora Rosana Bertone encabezaron la inauguraci\u00f3n del primer N\u00facleo de Acceso al Conocimiento (NAC) de Ushuaia, espacio p\u00fablico de instrucci\u00f3n digital que tiene como objetivo permitir a los vecinos el acceso a la conectividad y a las nuevas Tecnolog\u00edas de la Informaci\u00f3n y de las Comunicaciones (TIC). Depende de<\/p>\n","protected":false},"author":2,"featured_media":41245,"comment_status":"closed","ping_status":"closed","sticky":false,"template":"","format":"standard","meta":{"footnotes":""},"categories":[2],"tags":[34],"class_list":["post-41244","post","type-post","status-publish","format-standard","has-post-thumbnail","hentry","category-informe-municipal","tag-tierra-del-fuego"],"_links":{"self":[{"href":"http:\/\/argentinamunicipal.com.ar\/argentina\/wp-json\/wp\/v2\/posts\/41244","targetHints":{"allow":["GET"]}}],"collection":[{"href":"http:\/\/argentinamunicipal.com.ar\/argentina\/wp-json\/wp\/v2\/posts"}],"about":[{"href":"http:\/\/argentinamunicipal.com.ar\/argentina\/wp-json\/wp\/v2\/types\/post"}],"author":[{"embeddable":true,"href":"http:\/\/argentinamunicipal.com.ar\/argentina\/wp-json\/wp\/v2\/users\/2"}],"replies":[{"embeddable":true,"href":"http:\/\/argentinamunicipal.com.ar\/argentina\/wp-json\/wp\/v2\/comments?post=41244"}],"version-history":[{"count":0,"href":"http:\/\/argentinamunicipal.com.ar\/argentina\/wp-json\/wp\/v2\/posts\/41244\/revisions"}],"wp:featuredmedia":[{"embeddable":true,"href":"http:\/\/argentinamunicipal.com.ar\/argentina\/wp-json\/wp\/v2\/media\/41245"}],"wp:attachment":[{"href":"http:\/\/argentinamunicipal.com.ar\/argentina\/wp-json\/wp\/v2\/media?parent=41244"}],"wp:term":[{"taxonomy":"category","embeddable":true,"href":"http:\/\/argentinamunicipal.com.ar\/argentina\/wp-json\/wp\/v2\/categories?post=41244"},{"taxonomy":"post_tag","embeddable":true,"href":"http:\/\/argentinamunicipal.com.ar\/argentina\/wp-json\/wp\/v2\/tags?post=41244"}],"curies":[{"name":"wp","href":"https:\/\/api.w.org\/{rel}","templated":true}]}}