{"id":41274,"date":"2015-12-30T06:48:55","date_gmt":"2015-12-30T09:48:55","guid":{"rendered":"http:\/\/argentinamunicipal.com.ar\/argentina\/?p=41274"},"modified":"2015-12-30T06:48:55","modified_gmt":"2015-12-30T09:48:55","slug":"los-intendentes-villa-maria-villa-nueva-ejecutaran-obras-publicas-relevancia-desarrollo-regional","status":"publish","type":"post","link":"http:\/\/argentinamunicipal.com.ar\/argentina\/los-intendentes-villa-maria-villa-nueva-ejecutaran-obras-publicas-relevancia-desarrollo-regional\/","title":{"rendered":"Los intendentes de Villa Mar\u00eda y Villa Nueva ejecutar\u00e1n obras p\u00fablicas de relevancia para el desarrollo regional"},"content":{"rendered":"<p><a href=\"http:\/\/argentinamunicipal.com.ar\/argentina\/wp-content\/uploads\/2015\/12\/tapa_42.jpg\"><img loading=\"lazy\" decoding=\"async\" class=\"aligncenter  wp-image-41275\" src=\"http:\/\/argentinamunicipal.com.ar\/argentina\/wp-content\/uploads\/2015\/12\/tapa_42.jpg\" alt=\"tapa_42\" width=\"644\" height=\"405\" srcset=\"http:\/\/argentinamunicipal.com.ar\/argentina\/wp-content\/uploads\/2015\/12\/tapa_42.jpg 700w, http:\/\/argentinamunicipal.com.ar\/argentina\/wp-content\/uploads\/2015\/12\/tapa_42-300x189.jpg 300w\" sizes=\"auto, (max-width: 644px) 100vw, 644px\" \/><\/a><\/p>\n<p>En el marco de una reuni\u00f3n conjunta de sus respectivos gabinetes, los intendentes de Villa Mar\u00eda (Mart\u00edn Gill) y Villa Nueva (Natalio Graglia) anunciaron ayer que de ahora en m\u00e1s trabajar\u00e1n en el abordaje de distintas problem\u00e1ticas como si ambas ciudades conformaran un \u00fanico n\u00facleo urbano.<\/p>\n<p>\u201cHay una firme vocaci\u00f3n de poder trabajar entre las dos ciudades como un mismo n\u00facleo urbano, tratando de afianzar la armonizaci\u00f3n y el cumplimiento de objetivos compartidos m\u00e1s all\u00e1 de las particularidades de cada lugar\u201d, indic\u00f3 Mart\u00edn Gill.<\/p>\n<p>Tras el encuentro de ambos gabinetes, los mandatarios se\u00f1alaron las tem\u00e1ticas en las que avanzar\u00e1n conjuntamente. En este sentido, y como primera acci\u00f3n, las dos administraciones trabajar\u00e1n juntas en los trabajos de remodelaci\u00f3n y mantenimiento del puente Alberdi, el paso m\u00e1s tradicional y concurrido entre ambas villas.<\/p>\n<p>De esta forma, las respectivas \u00e1reas de cada municipio compartir\u00e1n los trabajos que incluyen pintura, sistema lum\u00ednico, mantenimiento de barandas y se\u00f1alizaci\u00f3n, entre otras. Ambos intendentes coincidieron en que como primera obra conjunta, tiene un \u201cgran valor simb\u00f3lico\u201d.<\/p>\n<p>Tambi\u00e9n se apunta a trabajar coordinadamente en materias como bromatolog\u00eda, habilitaciones, tr\u00e1nsito y gesti\u00f3n del r\u00edo, compartiendo la informaci\u00f3n y las acciones. Similar tratamiento se espera alcanzar en el \u00e1rea de salud, donde se buscar\u00e1 construir indicadores dejando de lado un an\u00e1lisis separado de los datos de cada ciudad.<\/p>\n<p>La agenda cultural, muy fuerte en los meses estivales, tambi\u00e9n se abordar\u00e1 desde una visi\u00f3n de conjunto, buscando no s\u00f3lo que no existan las superposiciones de eventos, sino tambi\u00e9n la creaci\u00f3n de otros nuevos entre las dos administraciones.<\/p>\n<p>En el encuentro de gabinetes tambi\u00e9n estuvo sobre la mesa la promesa del gobernador Juan Schiaretti de dotar a las ciudades de un nuevo puente. En ese sentido, los intendentes informaron que se est\u00e1n estudiando diferentes ubicaciones y que las \u00e1reas de obras p\u00fablicas trabajar\u00e1n en un proyecto de localizaci\u00f3n para elevar la propuesta al Gobierno provincial.<\/p>\n<h6>Fuente: La Ma\u00f1ana de C\u00f3rdoba<\/h6>\n","protected":false},"excerpt":{"rendered":"<p>En el marco de una reuni\u00f3n conjunta de sus respectivos gabinetes, los intendentes de Villa Mar\u00eda (Mart\u00edn Gill) y Villa Nueva (Natalio Graglia) anunciaron ayer que de ahora en m\u00e1s trabajar\u00e1n en el abordaje de distintas problem\u00e1ticas como si ambas ciudades conformaran un \u00fanico n\u00facleo urbano. \u201cHay una firme vocaci\u00f3n de poder trabajar entre las<\/p>\n","protected":false},"author":2,"featured_media":41275,"comment_status":"closed","ping_status":"closed","sticky":false,"template":"","format":"standard","meta":{"footnotes":""},"categories":[2],"tags":[3],"class_list":["post-41274","post","type-post","status-publish","format-standard","has-post-thumbnail","hentry","category-informe-municipal","tag-cordoba"],"_links":{"self":[{"href":"http:\/\/argentinamunicipal.com.ar\/argentina\/wp-json\/wp\/v2\/posts\/41274","targetHints":{"allow":["GET"]}}],"collection":[{"href":"http:\/\/argentinamunicipal.com.ar\/argentina\/wp-json\/wp\/v2\/posts"}],"about":[{"href":"http:\/\/argentinamunicipal.com.ar\/argentina\/wp-json\/wp\/v2\/types\/post"}],"author":[{"embeddable":true,"href":"http:\/\/argentinamunicipal.com.ar\/argentina\/wp-json\/wp\/v2\/users\/2"}],"replies":[{"embeddable":true,"href":"http:\/\/argentinamunicipal.com.ar\/argentina\/wp-json\/wp\/v2\/comments?post=41274"}],"version-history":[{"count":0,"href":"http:\/\/argentinamunicipal.com.ar\/argentina\/wp-json\/wp\/v2\/posts\/41274\/revisions"}],"wp:featuredmedia":[{"embeddable":true,"href":"http:\/\/argentinamunicipal.com.ar\/argentina\/wp-json\/wp\/v2\/media\/41275"}],"wp:attachment":[{"href":"http:\/\/argentinamunicipal.com.ar\/argentina\/wp-json\/wp\/v2\/media?parent=41274"}],"wp:term":[{"taxonomy":"category","embeddable":true,"href":"http:\/\/argentinamunicipal.com.ar\/argentina\/wp-json\/wp\/v2\/categories?post=41274"},{"taxonomy":"post_tag","embeddable":true,"href":"http:\/\/argentinamunicipal.com.ar\/argentina\/wp-json\/wp\/v2\/tags?post=41274"}],"curies":[{"name":"wp","href":"https:\/\/api.w.org\/{rel}","templated":true}]}}