{"id":41277,"date":"2015-12-30T06:52:10","date_gmt":"2015-12-30T09:52:10","guid":{"rendered":"http:\/\/argentinamunicipal.com.ar\/argentina\/?p=41277"},"modified":"2015-12-30T06:52:10","modified_gmt":"2015-12-30T09:52:10","slug":"provincia-invertira-cruz-del-eje-95-millones-distintas-obras-hidricas-saneamiento","status":"publish","type":"post","link":"http:\/\/argentinamunicipal.com.ar\/argentina\/provincia-invertira-cruz-del-eje-95-millones-distintas-obras-hidricas-saneamiento\/","title":{"rendered":"Provincia invertir\u00e1 en Cruz del Eje $ 95 millones en distintas obras h\u00eddricas y de saneamiento"},"content":{"rendered":"<p><a href=\"http:\/\/argentinamunicipal.com.ar\/argentina\/wp-content\/uploads\/2015\/12\/Planta-de-agua-3.jpg\"><img loading=\"lazy\" decoding=\"async\" class=\"aligncenter size-full wp-image-41278\" src=\"http:\/\/argentinamunicipal.com.ar\/argentina\/wp-content\/uploads\/2015\/12\/Planta-de-agua-3.jpg\" alt=\"Planta-de-agua-3\" width=\"624\" height=\"414\" srcset=\"http:\/\/argentinamunicipal.com.ar\/argentina\/wp-content\/uploads\/2015\/12\/Planta-de-agua-3.jpg 624w, http:\/\/argentinamunicipal.com.ar\/argentina\/wp-content\/uploads\/2015\/12\/Planta-de-agua-3-300x199.jpg 300w\" sizes=\"auto, (max-width: 624px) 100vw, 624px\" \/><\/a><\/p>\n<p>El gobernador Juan Schiaretti suscribi\u00f3 con el intendente de Cruz del Eje Claudio Far\u00edas el convenio para la ampliaci\u00f3n de la planta potabilizadora de la ciudad y la instalaci\u00f3n de una nueva ca\u00f1er\u00eda de transporte de agua, obras que ser\u00e1n financiadas con una inversi\u00f3n provincial que asciende a los 95 millones de pesos.<\/p>\n<p>El plan contempla, adem\u00e1s, el reacondicionamiento del centro de almacenamiento y distribuci\u00f3n de Los Altos. Como explic\u00f3 el gobernador, \u201cson obras que garantizar\u00e1n la provisi\u00f3n no s\u00f3lo para los 40 mil habitantes actuales de la ciudad, sino que permitir\u00e1n ampliar la capacidad para dar agua potable hasta 60 mil vecinos. Estamos dando una soluci\u00f3n definitiva para los pr\u00f3ximos a\u00f1os\u201d.<\/p>\n<p>Schiaretti adelant\u00f3 que en los pr\u00f3ximos 60 d\u00edas la Provincia espera completar el llamado de licitaci\u00f3n y la adjudicaci\u00f3n, para empezar las tareas\u00a0a mediados de 2016. Los trabajos arrancar\u00e1n con el mejoramiento del sistema existente y luego se concentrar\u00e1n en la ampliaci\u00f3n de la planta potabilizadora, lo que permitir\u00e1 avanzar hacia la normalizaci\u00f3n del suministro en\u00a0el pr\u00f3ximo verano.<\/p>\n<p>Por su parte, el intendente Claudio Far\u00edas destac\u00f3 que con la asistencia\u00a0provincial \u201ccomienza una nueva\u00a0etapa en Cruz del Eje. La obra del agua es la m\u00e1s importante, no s\u00f3lo por el monto de la inversi\u00f3n, sino tambi\u00e9n por la necesidad de nuestros vecinos de contar con este recurso esencial\u201d. El mandatario, adem\u00e1s, entreg\u00f3 al municipio un aporte de 300 mil pesos para la adquisici\u00f3n de unos 250 tanques de agua domiciliarios.<\/p>\n<h6>Fuente: La Ma\u00f1ana de C\u00f3rdoba<\/h6>\n","protected":false},"excerpt":{"rendered":"<p>El gobernador Juan Schiaretti suscribi\u00f3 con el intendente de Cruz del Eje Claudio Far\u00edas el convenio para la ampliaci\u00f3n de la planta potabilizadora de la ciudad y la instalaci\u00f3n de una nueva ca\u00f1er\u00eda de transporte de agua, obras que ser\u00e1n financiadas con una inversi\u00f3n provincial que asciende a los 95 millones de pesos. El plan<\/p>\n","protected":false},"author":2,"featured_media":41278,"comment_status":"closed","ping_status":"closed","sticky":false,"template":"","format":"standard","meta":{"footnotes":""},"categories":[2],"tags":[3],"class_list":["post-41277","post","type-post","status-publish","format-standard","has-post-thumbnail","hentry","category-informe-municipal","tag-cordoba"],"_links":{"self":[{"href":"http:\/\/argentinamunicipal.com.ar\/argentina\/wp-json\/wp\/v2\/posts\/41277","targetHints":{"allow":["GET"]}}],"collection":[{"href":"http:\/\/argentinamunicipal.com.ar\/argentina\/wp-json\/wp\/v2\/posts"}],"about":[{"href":"http:\/\/argentinamunicipal.com.ar\/argentina\/wp-json\/wp\/v2\/types\/post"}],"author":[{"embeddable":true,"href":"http:\/\/argentinamunicipal.com.ar\/argentina\/wp-json\/wp\/v2\/users\/2"}],"replies":[{"embeddable":true,"href":"http:\/\/argentinamunicipal.com.ar\/argentina\/wp-json\/wp\/v2\/comments?post=41277"}],"version-history":[{"count":0,"href":"http:\/\/argentinamunicipal.com.ar\/argentina\/wp-json\/wp\/v2\/posts\/41277\/revisions"}],"wp:featuredmedia":[{"embeddable":true,"href":"http:\/\/argentinamunicipal.com.ar\/argentina\/wp-json\/wp\/v2\/media\/41278"}],"wp:attachment":[{"href":"http:\/\/argentinamunicipal.com.ar\/argentina\/wp-json\/wp\/v2\/media?parent=41277"}],"wp:term":[{"taxonomy":"category","embeddable":true,"href":"http:\/\/argentinamunicipal.com.ar\/argentina\/wp-json\/wp\/v2\/categories?post=41277"},{"taxonomy":"post_tag","embeddable":true,"href":"http:\/\/argentinamunicipal.com.ar\/argentina\/wp-json\/wp\/v2\/tags?post=41277"}],"curies":[{"name":"wp","href":"https:\/\/api.w.org\/{rel}","templated":true}]}}