{"id":41293,"date":"2015-12-30T06:14:50","date_gmt":"2015-12-30T09:14:50","guid":{"rendered":"http:\/\/argentinamunicipal.com.ar\/argentina\/?p=41293"},"modified":"2015-12-30T07:16:21","modified_gmt":"2015-12-30T10:16:21","slug":"balance-municipales-ushuaia-quiero-sean-parte-estado-transforme","status":"publish","type":"post","link":"http:\/\/argentinamunicipal.com.ar\/argentina\/balance-municipales-ushuaia-quiero-sean-parte-estado-transforme\/","title":{"rendered":"Balance con municipales de Ushuaia: \u00abQuiero que sean parte de un Estado que transforme\u00bb"},"content":{"rendered":"<p><a href=\"http:\/\/argentinamunicipal.com.ar\/argentina\/wp-content\/uploads\/2015\/12\/1451415228-600vuoto_brindismunicipal_thumb_550.jpg\"><img loading=\"lazy\" decoding=\"async\" class=\"aligncenter size-full wp-image-41294\" src=\"http:\/\/argentinamunicipal.com.ar\/argentina\/wp-content\/uploads\/2015\/12\/1451415228-600vuoto_brindismunicipal_thumb_550.jpg\" alt=\"1451415228-600vuoto_brindismunicipal_thumb_550\" width=\"550\" height=\"411\" srcset=\"http:\/\/argentinamunicipal.com.ar\/argentina\/wp-content\/uploads\/2015\/12\/1451415228-600vuoto_brindismunicipal_thumb_550.jpg 550w, http:\/\/argentinamunicipal.com.ar\/argentina\/wp-content\/uploads\/2015\/12\/1451415228-600vuoto_brindismunicipal_thumb_550-300x224.jpg 300w\" sizes=\"auto, (max-width: 550px) 100vw, 550px\" \/><\/a><br \/>\nEl intendente de la ciudad, Walter Vuoto, estuvo junto a los trabajadores municipales de diferentes \u00e1reas brindando con motivo de las fiestas de fin de a\u00f1o. \u00abTenemos un enorme desaf\u00edo y trabajo\u00bb comenz\u00f3 diciendo en Servicios P\u00fablicos. \u00abNo vinimos a dejar afuera a nadie como en otras gestiones. Nosotros le damos la tranquilidad a todos los trabajadores contratados y pasantes que van a continuar trabajando, porque no hemos tocado a un solo compa\u00f1ero porque consideramos que los n\u00fameros nos tienen que cerrar con la gente adentro\u00bb.<\/p>\n<p>En tanto, se\u00f1alo que \u00abhoy la deuda que tenemos relevada es de 160 millones de pesos con privados, y cuando se preguntan donde est\u00e1n las herramientas para el matadero que sale 10 millones reacondicionarlo, o las del cementerio y las de Servicios O\u00fablicos, para que la gente haga su trabajo para ser parte de un Estado que transforme, est\u00e1n ah\u00ed, es deuda con los privados\u00bb, sentenci\u00f3.<\/p>\n<p>Asimismo, Vuoto refiri\u00f3, \u00abme toca conducir la Intendencia de Ushuaia y sepan que en pocos d\u00edas viajo a Buenos Aires a concretar la compra mediante el leasing de las m\u00e1quinas y herramientas que necesita Servicios P\u00fablicos para volver a ser la ni\u00f1a mimada de la Municipalidad\u00bb.<\/p>\n<p>Y agreg\u00f3: \u00abvengo de un espacio pol\u00edtico claramente definido y me paro humildemente frente a ustedes con el desaf\u00edo de que podamos ahorrar esa plata que gastamos en empresas tercerizadas para fortalecer esta \u00e1rea. Ustedes son la cara de la Municipalidad en los distintos barrios y espacios\u00bb.<\/p>\n<p>\u00abPero todo lo que hagamos no tiene ning\u00fan valor, si los trabajadores no se ponen en el centro de la escena como protagonistas de ese cambio. Necesitamos cumplirle el sue\u00f1o a la gente y realizar obras por administraci\u00f3n de una vez por todas, llevarle servicios, regularizar barrios y venimos con la consigna de tener un Estado municipal mucho m\u00e1s equitativo e igualitario\u00bb, finaliz\u00f3.<\/p>\n<h6>Fuente: sur 54.com<\/h6>\n","protected":false},"excerpt":{"rendered":"<p>El intendente de la ciudad, Walter Vuoto, estuvo junto a los trabajadores municipales de diferentes \u00e1reas brindando con motivo de las fiestas de fin de a\u00f1o. \u00abTenemos un enorme desaf\u00edo y trabajo\u00bb comenz\u00f3 diciendo en Servicios P\u00fablicos. \u00abNo vinimos a dejar afuera a nadie como en otras gestiones. Nosotros le damos la tranquilidad a todos<\/p>\n","protected":false},"author":2,"featured_media":41294,"comment_status":"closed","ping_status":"closed","sticky":false,"template":"","format":"standard","meta":{"footnotes":""},"categories":[7],"tags":[34],"class_list":["post-41293","post","type-post","status-publish","format-standard","has-post-thumbnail","hentry","category-informe-sindical","tag-tierra-del-fuego"],"_links":{"self":[{"href":"http:\/\/argentinamunicipal.com.ar\/argentina\/wp-json\/wp\/v2\/posts\/41293","targetHints":{"allow":["GET"]}}],"collection":[{"href":"http:\/\/argentinamunicipal.com.ar\/argentina\/wp-json\/wp\/v2\/posts"}],"about":[{"href":"http:\/\/argentinamunicipal.com.ar\/argentina\/wp-json\/wp\/v2\/types\/post"}],"author":[{"embeddable":true,"href":"http:\/\/argentinamunicipal.com.ar\/argentina\/wp-json\/wp\/v2\/users\/2"}],"replies":[{"embeddable":true,"href":"http:\/\/argentinamunicipal.com.ar\/argentina\/wp-json\/wp\/v2\/comments?post=41293"}],"version-history":[{"count":0,"href":"http:\/\/argentinamunicipal.com.ar\/argentina\/wp-json\/wp\/v2\/posts\/41293\/revisions"}],"wp:featuredmedia":[{"embeddable":true,"href":"http:\/\/argentinamunicipal.com.ar\/argentina\/wp-json\/wp\/v2\/media\/41294"}],"wp:attachment":[{"href":"http:\/\/argentinamunicipal.com.ar\/argentina\/wp-json\/wp\/v2\/media?parent=41293"}],"wp:term":[{"taxonomy":"category","embeddable":true,"href":"http:\/\/argentinamunicipal.com.ar\/argentina\/wp-json\/wp\/v2\/categories?post=41293"},{"taxonomy":"post_tag","embeddable":true,"href":"http:\/\/argentinamunicipal.com.ar\/argentina\/wp-json\/wp\/v2\/tags?post=41293"}],"curies":[{"name":"wp","href":"https:\/\/api.w.org\/{rel}","templated":true}]}}