{"id":41332,"date":"2015-12-30T08:07:00","date_gmt":"2015-12-30T11:07:00","guid":{"rendered":"http:\/\/argentinamunicipal.com.ar\/argentina\/?p=41332"},"modified":"2015-12-30T08:07:00","modified_gmt":"2015-12-30T11:07:00","slug":"neuquen-desde-este-fin-semana-se-podran-usar-bicis-gratis-paseo-la-costa","status":"publish","type":"post","link":"http:\/\/argentinamunicipal.com.ar\/argentina\/neuquen-desde-este-fin-semana-se-podran-usar-bicis-gratis-paseo-la-costa\/","title":{"rendered":"Neuqu\u00e9n: Desde este fin de semana, se podr\u00e1n usar bicis gratis en el Paseo de la Costa"},"content":{"rendered":"<p><a href=\"http:\/\/argentinamunicipal.com.ar\/argentina\/wp-content\/uploads\/2015\/12\/bicis.jpg\"><img loading=\"lazy\" decoding=\"async\" class=\"aligncenter  wp-image-41333\" src=\"http:\/\/argentinamunicipal.com.ar\/argentina\/wp-content\/uploads\/2015\/12\/bicis.jpg\" alt=\"bicis\" width=\"688\" height=\"387\" srcset=\"http:\/\/argentinamunicipal.com.ar\/argentina\/wp-content\/uploads\/2015\/12\/bicis.jpg 770w, http:\/\/argentinamunicipal.com.ar\/argentina\/wp-content\/uploads\/2015\/12\/bicis-300x169.jpg 300w, http:\/\/argentinamunicipal.com.ar\/argentina\/wp-content\/uploads\/2015\/12\/bicis-768x432.jpg 768w\" sizes=\"auto, (max-width: 688px) 100vw, 688px\" \/><\/a><br \/>\nEl Municipio contar\u00e1 con un lugar para retirar y entregar los rodados.<\/p>\n<p>Desde este fin de semana se podr\u00e1n retirar y utilizar bicicletas de forma gratuita en el Paseo de la Costa. As\u00ed lo anunciaron desde la Municipalidad donde informaron que los rodados estar\u00e1n disponibles desde este s\u00e1bado a las 17, en una guarder\u00eda de bicis ubicada en la Isla 132.<\/p>\n<p>\u00abEstamos inaugurando el servicio en la isla 132 de pr\u00e9stamos de bicicletas para que el vecino pueda pasear con una bici que prestamos sin costo\u00bb, coment\u00f3 en LU5 el secretario de Coordinaci\u00f3n, Marcelo Berm\u00fadez.<\/p>\n<p>Seg\u00fan detall\u00f3, la bicicleter\u00eda estar\u00e1 en el parque de diversiones que est\u00e1 en la isla y que es administrado por Veteranos de Malvinas y funcionar\u00e1 desde las 17. El \u00fanico requisito para poder utilizar las bicicletas es presentar el DNI en el lugar.<\/p>\n<p>\u00abOjal\u00e1 tengan ese comportamiento de devolverlas sin da\u00f1o. Se pueden retirar las bicis para uso exclusivo dentro de la isla, luego que la devuelven, se le entrega el documento\u00bb, indic\u00f3 Berm\u00fadez.<\/p>\n<p>Las bicicletas fueron adquiridas a trav\u00e9s del Poder Judicial donde estaban guardadas en un dep\u00f3sito y luego fueron restauradas, otras fueron compradas por el Municipio. En este sentido, el funcionario coment\u00f3 que el 6 de enero realizar\u00e1n un nuevo sorteo de 20 rodados, como el del a\u00f1o pasado. Los interesados deber\u00e1n inscribirse en la pagina web del Municipio.<\/p>\n<h6>Fuente: La Ma\u00f1ana Neuqu\u00e9n<\/h6>\n","protected":false},"excerpt":{"rendered":"<p>El Municipio contar\u00e1 con un lugar para retirar y entregar los rodados. Desde este fin de semana se podr\u00e1n retirar y utilizar bicicletas de forma gratuita en el Paseo de la Costa. As\u00ed lo anunciaron desde la Municipalidad donde informaron que los rodados estar\u00e1n disponibles desde este s\u00e1bado a las 17, en una guarder\u00eda de<\/p>\n","protected":false},"author":2,"featured_media":41333,"comment_status":"closed","ping_status":"closed","sticky":false,"template":"","format":"standard","meta":{"footnotes":""},"categories":[2],"tags":[23],"class_list":["post-41332","post","type-post","status-publish","format-standard","has-post-thumbnail","hentry","category-informe-municipal","tag-neuquen"],"_links":{"self":[{"href":"http:\/\/argentinamunicipal.com.ar\/argentina\/wp-json\/wp\/v2\/posts\/41332","targetHints":{"allow":["GET"]}}],"collection":[{"href":"http:\/\/argentinamunicipal.com.ar\/argentina\/wp-json\/wp\/v2\/posts"}],"about":[{"href":"http:\/\/argentinamunicipal.com.ar\/argentina\/wp-json\/wp\/v2\/types\/post"}],"author":[{"embeddable":true,"href":"http:\/\/argentinamunicipal.com.ar\/argentina\/wp-json\/wp\/v2\/users\/2"}],"replies":[{"embeddable":true,"href":"http:\/\/argentinamunicipal.com.ar\/argentina\/wp-json\/wp\/v2\/comments?post=41332"}],"version-history":[{"count":0,"href":"http:\/\/argentinamunicipal.com.ar\/argentina\/wp-json\/wp\/v2\/posts\/41332\/revisions"}],"wp:featuredmedia":[{"embeddable":true,"href":"http:\/\/argentinamunicipal.com.ar\/argentina\/wp-json\/wp\/v2\/media\/41333"}],"wp:attachment":[{"href":"http:\/\/argentinamunicipal.com.ar\/argentina\/wp-json\/wp\/v2\/media?parent=41332"}],"wp:term":[{"taxonomy":"category","embeddable":true,"href":"http:\/\/argentinamunicipal.com.ar\/argentina\/wp-json\/wp\/v2\/categories?post=41332"},{"taxonomy":"post_tag","embeddable":true,"href":"http:\/\/argentinamunicipal.com.ar\/argentina\/wp-json\/wp\/v2\/tags?post=41332"}],"curies":[{"name":"wp","href":"https:\/\/api.w.org\/{rel}","templated":true}]}}