{"id":41385,"date":"2015-12-31T07:48:57","date_gmt":"2015-12-31T10:48:57","guid":{"rendered":"http:\/\/argentinamunicipal.com.ar\/argentina\/?p=41385"},"modified":"2015-12-31T07:48:57","modified_gmt":"2015-12-31T10:48:57","slug":"se-presento-programa-gastronomico-une-parana-santa-fe","status":"publish","type":"post","link":"http:\/\/argentinamunicipal.com.ar\/argentina\/se-presento-programa-gastronomico-une-parana-santa-fe\/","title":{"rendered":"Se present\u00f3 el programa gastron\u00f3mico que une Paran\u00e1 y Santa Fe"},"content":{"rendered":"<p><a href=\"http:\/\/argentinamunicipal.com.ar\/argentina\/wp-content\/uploads\/2015\/12\/o_1451335642.jpg\"><img loading=\"lazy\" decoding=\"async\" class=\"aligncenter  wp-image-41386\" src=\"http:\/\/argentinamunicipal.com.ar\/argentina\/wp-content\/uploads\/2015\/12\/o_1451335642.jpg\" alt=\"o_1451335642\" width=\"692\" height=\"389\" srcset=\"http:\/\/argentinamunicipal.com.ar\/argentina\/wp-content\/uploads\/2015\/12\/o_1451335642.jpg 800w, http:\/\/argentinamunicipal.com.ar\/argentina\/wp-content\/uploads\/2015\/12\/o_1451335642-300x169.jpg 300w, http:\/\/argentinamunicipal.com.ar\/argentina\/wp-content\/uploads\/2015\/12\/o_1451335642-768x432.jpg 768w\" sizes=\"auto, (max-width: 692px) 100vw, 692px\" \/><\/a><br \/>\nSe trata de una promoci\u00f3n para las dos capitales de provincia. El programa \u00abDos ciudades, un sabor\u00bb, fue lanzado desde ambas Secretar\u00edas de Turismo y las asociaciones gastron\u00f3mica y hotelera de cada ciudad. Los detalles de la promoci\u00f3n.<\/p>\n<p>Una muestra m\u00e1s de la integraci\u00f3n que se busca desde la gesti\u00f3n municipal actual con sectores privados involucrados en hacer entre todos una ciudad mejor, se ve reflejada en un nuevo programa tur\u00edstico que incluye la gastronom\u00eda como motivo principal. Se trata del programa \u00abDos ciudades, un sabor\u00bb. En esta oportunidad, la iniciativa surgi\u00f3 desde las asociaciones gastron\u00f3mica y hotelera de ambas capitales de provincia. As\u00ed, los secretarios de Turismo de Paran\u00e1, Marcelo Quiroga y Santa Fe, Claudia Nein, junto a los titulares de ambas c\u00e1maras acompa\u00f1aron al intendente Sergio Varisco en el lanzamiento de la promoci\u00f3n. Como anfitri\u00f3n del encuentro de funcionarios para este lanzamiento y en la atenci\u00f3n a la prensa estuvo Marcelo Barsuglia, titular de la Asociaci\u00f3n Empresaria Hotelera Gastron\u00f3mica de Paran\u00e1.<\/p>\n<p>Al respecto, el titular de Turismo municipal, Marcelo Quiroga, precis\u00f3 que se trata de un programa \u00abque impulsan los privados de la asociaci\u00f3n gastron\u00f3mica de Santa Fe y Paran\u00e1 que est\u00e1 en el marco de un programa anterior que se ven\u00eda desarrollando y es un aporte m\u00e1s que hacen los privados de la actividad tur\u00edstica en las dos ciudades\u00bb.<\/p>\n<p>La titular de la misma \u00e1rea santafesina, Claudia Nein, detall\u00f3 que se implementa \u00abcon una gran cantidad de restaurantes adheridos de Paran\u00e1 y Santa Fe que van a recibir a los comensales con un voucher con lo cual van a poder comer en la ciudad vecina con un 15% de descuento en los locales adheridos. La invitaci\u00f3n no solo est\u00e1 destinada a los turistas que anden por la zona, sino invitar a los santafesinos y paranaenses que hagan el cruce y puedan disfrutar de la gastronom\u00eda de ambas ciudades. La promoci\u00f3n incluye muy buenos platos de pescado, porque es mostrar c\u00f3mo se los elabora a los pescados de r\u00edo, a muy buenos precios y con la atenci\u00f3n y calidez de gente de nuestra regi\u00f3n\u00bb.<\/p>\n<p>Sergio Varisco con su presencia signific\u00f3 darle el apoyo a este emprendimiento gastron\u00f3mico: \u00abFundamentalmente es poner en marcha un trabajo conjunto de ambas ciudades. Como bien dice mi amigo Jos\u00e9 Corral, intendente de Santa Fe, que siempre repite que junto con Paran\u00e1 somos el quinto conglomerado urbano del pa\u00eds. Y en turismo hay mucho por hacer y este es un comienzo a trav\u00e9s de este programa que es uno de varios que van a ir surgiendo, y haci\u00e9ndolo en conjunto con el sector privado\u00bb.<\/p>\n<p>Atendiendo a la creciente del r\u00edo, Varisco consider\u00f3 que para la realizaci\u00f3n de este programa y la llegada de turistas, esta contingencia no la va a afectar para nada. \u00abEstamos recibiendo informes continuos y son alentadores y por el otro lado estamos preparados para cualquier contingencia, pero prueba de ello es que no tenemos ning\u00fan centro de evacuaci\u00f3n. Se est\u00e1 haciendo gran trabajo en la zona costera, con extracci\u00f3n de agua mediante bombas, pero Paran\u00e1 est\u00e1 beneficiadas por una situaci\u00f3n geogr\u00e1fica que nos aleja del peligro de crisis de la inundaci\u00f3n\u00bb.<\/p>\n<p>Quiroga invit\u00f3 a los restaurantes a sumarse a la promoci\u00f3n comunic\u00e1ndose con la Asociaci\u00f3n Hotelera Gastron\u00f3mica, Alem 319, su tel\u00e9fono es el 4313330, su presidente es Marcelo Barsuglia, y lo mismo con en el caso de la ciudad de Santa Fe.<\/p>\n<p><strong>M\u00e1s destalles<\/strong><\/p>\n<p>* La promoci\u00f3n, tiene el af\u00e1n de promover platos t\u00edpicos de la regi\u00f3n paranaense y santafesina en restaurantes, generando un atractivo polo tur\u00edstico, ofrecer\u00e1 a los comensales locales y turistas, y brinda la posibilidad de participar de esta actividad, en la cual los restaurantes asociados ofrezcan a todos sus clientes un plato t\u00edpico especial en base a pescado de r\u00edo a un precio promocional, con el agregado de otorgar a cada comensal que consuma este plato un \u00abvoucher\u00bb con 15% de descuento sobre el ticket de consumo, en un establecimiento gastron\u00f3mico de la otra capital participante.<\/p>\n<p>* \u00abDos ciudades, un sabor\u00bb, tendr\u00e1 vigencia a partir del 5 de enero hasta al 20 de marzo de 2016. Los restaurantes participantes ser\u00e1n publicados en las p\u00e1ginas web de cada filial FEHCRA y se difundir\u00e1 su aplicaci\u00f3n tambi\u00e9n a trav\u00e9s de redes sociales y medios gr\u00e1ficos.<\/p>\n<p><strong>El reglamento<\/strong><\/p>\n<p>Esta promoci\u00f3n no ser\u00e1 compatible con ninguna otra, ni se acumular\u00e1 con otros descuentos de ninguna \u00edndole.<\/p>\n<p>Los \u00abvouchers\u00bb no ser\u00e1n acumulativos y ser\u00e1n validos uno por comensal.<\/p>\n<p>La promoci\u00f3n ser\u00e1 indistinta en cualquier d\u00eda de la semana, tanto al mediod\u00eda como noche, debiendo el poseedor del mismo avisar previamente al camarero para la gesti\u00f3n del correspondiente descuento.<\/p>\n<p>No podr\u00e1n ser utilizados en la misma capital de emisi\u00f3n.<\/p>\n<p>En cuanto a la gastronom\u00eda, cada establecimiento utilizar\u00e1 una materia prima \u00abb\u00e1sica\u00bb, la que ser\u00e1 un pescado de r\u00edo a elecci\u00f3n, con libertad para generar la receta final que desee. El mismo deber\u00e1 ser cambiado peri\u00f3dicamente a los efectos de ofrecer una diversidad de posibilidades.<\/p>\n<p>El plato ser\u00e1 ofrecido en manera independiente de la carta y de cualquier otra sugerencia del d\u00eda, se exhibir\u00e1 en una cartilla con detalle de la actividad, o en un insert de la carta, asimismo se identificar\u00e1 a los establecimientos participantes con una oblea en el frente del mismo.<\/p>\n<p>Solo participar\u00e1n establecimientos asociados a las dos filiales de FEHGRA. Aquellos que no est\u00e9n asociados y quieran participar deber\u00e1n acercarse a las respectivas sedes de las asociaciones para conocer los beneficios de pertenecer a FEHCRA.<\/p>\n<h6>Fuente: El Once<\/h6>\n","protected":false},"excerpt":{"rendered":"<p>Se trata de una promoci\u00f3n para las dos capitales de provincia. El programa \u00abDos ciudades, un sabor\u00bb, fue lanzado desde ambas Secretar\u00edas de Turismo y las asociaciones gastron\u00f3mica y hotelera de cada ciudad. Los detalles de la promoci\u00f3n. Una muestra m\u00e1s de la integraci\u00f3n que se busca desde la gesti\u00f3n municipal actual con sectores privados<\/p>\n","protected":false},"author":2,"featured_media":41386,"comment_status":"closed","ping_status":"closed","sticky":false,"template":"","format":"standard","meta":{"footnotes":""},"categories":[2],"tags":[17,10],"class_list":["post-41385","post","type-post","status-publish","format-standard","has-post-thumbnail","hentry","category-informe-municipal","tag-entre-rios","tag-santa-fe"],"_links":{"self":[{"href":"http:\/\/argentinamunicipal.com.ar\/argentina\/wp-json\/wp\/v2\/posts\/41385","targetHints":{"allow":["GET"]}}],"collection":[{"href":"http:\/\/argentinamunicipal.com.ar\/argentina\/wp-json\/wp\/v2\/posts"}],"about":[{"href":"http:\/\/argentinamunicipal.com.ar\/argentina\/wp-json\/wp\/v2\/types\/post"}],"author":[{"embeddable":true,"href":"http:\/\/argentinamunicipal.com.ar\/argentina\/wp-json\/wp\/v2\/users\/2"}],"replies":[{"embeddable":true,"href":"http:\/\/argentinamunicipal.com.ar\/argentina\/wp-json\/wp\/v2\/comments?post=41385"}],"version-history":[{"count":0,"href":"http:\/\/argentinamunicipal.com.ar\/argentina\/wp-json\/wp\/v2\/posts\/41385\/revisions"}],"wp:featuredmedia":[{"embeddable":true,"href":"http:\/\/argentinamunicipal.com.ar\/argentina\/wp-json\/wp\/v2\/media\/41386"}],"wp:attachment":[{"href":"http:\/\/argentinamunicipal.com.ar\/argentina\/wp-json\/wp\/v2\/media?parent=41385"}],"wp:term":[{"taxonomy":"category","embeddable":true,"href":"http:\/\/argentinamunicipal.com.ar\/argentina\/wp-json\/wp\/v2\/categories?post=41385"},{"taxonomy":"post_tag","embeddable":true,"href":"http:\/\/argentinamunicipal.com.ar\/argentina\/wp-json\/wp\/v2\/tags?post=41385"}],"curies":[{"name":"wp","href":"https:\/\/api.w.org\/{rel}","templated":true}]}}