{"id":41876,"date":"2016-01-13T06:46:34","date_gmt":"2016-01-13T09:46:34","guid":{"rendered":"http:\/\/argentinamunicipal.com.ar\/argentina\/?p=41876"},"modified":"2016-01-13T06:46:34","modified_gmt":"2016-01-13T09:46:34","slug":"buenos-aires-frente-conflictivo-las-paritarias-municipales","status":"publish","type":"post","link":"http:\/\/argentinamunicipal.com.ar\/argentina\/buenos-aires-frente-conflictivo-las-paritarias-municipales\/","title":{"rendered":"Buenos Aires: Otro frente conflictivo por las paritarias municipales"},"content":{"rendered":"<p><a href=\"http:\/\/argentinamunicipal.com.ar\/argentina\/wp-content\/uploads\/2016\/01\/big_3f222efb0ee33e10398e221c0c5c08a5.jpg\"><img loading=\"lazy\" decoding=\"async\" class=\"aligncenter size-full wp-image-41877\" src=\"http:\/\/argentinamunicipal.com.ar\/argentina\/wp-content\/uploads\/2016\/01\/big_3f222efb0ee33e10398e221c0c5c08a5.jpg\" alt=\"big_3f222efb0ee33e10398e221c0c5c08a5\" width=\"621\" height=\"414\" srcset=\"http:\/\/argentinamunicipal.com.ar\/argentina\/wp-content\/uploads\/2016\/01\/big_3f222efb0ee33e10398e221c0c5c08a5.jpg 621w, http:\/\/argentinamunicipal.com.ar\/argentina\/wp-content\/uploads\/2016\/01\/big_3f222efb0ee33e10398e221c0c5c08a5-300x200.jpg 300w\" sizes=\"auto, (max-width: 621px) 100vw, 621px\" \/><\/a><br \/>\nGremios de estatales se movilizaron por la suspensi\u00f3n de la ley. Reuni\u00f3n con el ministro Villegas<\/p>\n<p>En medio de una movilizaci\u00f3n a la Legislatura y anuncios de nuevas protestas para los d\u00edas pr\u00f3ximos, el ministro de Trabajo de la Provincia, Marcelo Villegas, se reuni\u00f3 ayer con los gremios de estatales para analizar la conformaci\u00f3n de una comisi\u00f3n de empleo municipal, frente al pol\u00e9mico decreto que deroga la ley de paritarias para trabajadores de ese sector.<\/p>\n<p>En un encuentro con intendentes y dirigentes gremiales, Villegas explic\u00f3 los fundamentos del decreto firmado por la gobernadora Mar\u00eda Eugenia Vidal el 15 de diciembre pasado pero conocido el jueves, que suspende por 180 d\u00edas la aplicaci\u00f3n de la norma.<\/p>\n<p>Reiter\u00f3 que son varios los municipios imposibilitados de dictar sus convenios colectivos de trabajo, frente a las demoras generadas por los recambios de gobierno.<\/p>\n<p>Villegas tambi\u00e9n explic\u00f3 que habr\u00e1 un plazo de 45 d\u00edas para designar a los representantes de cada parte, que integren la comisi\u00f3n. Ser\u00e1 un \u00f3rgano consultivo no vinculante integrado por jefes comunales, gremios y autoridades del ministerio de Trabajo.<\/p>\n<p>Participaron del encuentro los intendentes de San Miguel, Joaqu\u00edn De la Torre; de Merlo, Gustavo Men\u00e9ndez; de Bolivar, Eduardo Bucca; y de Quilmes, Martiniano Molina; y funcionarios que representaron a los municipios de San Cayetano y San Isidro.<\/p>\n<p>Por el lado de los gremios, acudieron dirigentes de la Fesimubo, UPCN, la CTA y la Fstmpba.<\/p>\n<p>DURA REACCION GREMIAL<\/p>\n<p>En medio de una movilizacion a la Legislatura y corte que por la ma\u00f1ana se hizo de la bajada de la Autopista, el secretario general de ATE Provincia, Oscar De Isasi, reiter\u00f3 su rechazo a la medida y a los despidos \u201cde unos 8 mil trabajadores municipales en toda la Provincia\u201d y calific\u00f3 la medida como \u201cuna suspensi\u00f3n de los derechos de los trabajadores\u201d.<\/p>\n<p>Por su parte, el secretario general de la Fesimubo, Rub\u00e9n \u201cCholo\u201d Garc\u00eda, federaci\u00f3n impulsora de la norma, insisti\u00f3 en lo \u201ccontradictorio\u201d del decreto y confirm\u00f3 la movilizaci\u00f3n que el gremio prev\u00e9 para el jueves, cuando la Legislatura podr\u00eda refrendar el decreto del Poder Ejecutivo.<\/p>\n<h6>Fuente: El D\u00eda<\/h6>\n","protected":false},"excerpt":{"rendered":"<p>Gremios de estatales se movilizaron por la suspensi\u00f3n de la ley. Reuni\u00f3n con el ministro Villegas En medio de una movilizaci\u00f3n a la Legislatura y anuncios de nuevas protestas para los d\u00edas pr\u00f3ximos, el ministro de Trabajo de la Provincia, Marcelo Villegas, se reuni\u00f3 ayer con los gremios de estatales para analizar la conformaci\u00f3n de<\/p>\n","protected":false},"author":2,"featured_media":41877,"comment_status":"closed","ping_status":"closed","sticky":false,"template":"","format":"standard","meta":{"footnotes":""},"categories":[7],"tags":[12],"class_list":["post-41876","post","type-post","status-publish","format-standard","has-post-thumbnail","hentry","category-informe-sindical","tag-buenos-aires"],"_links":{"self":[{"href":"http:\/\/argentinamunicipal.com.ar\/argentina\/wp-json\/wp\/v2\/posts\/41876","targetHints":{"allow":["GET"]}}],"collection":[{"href":"http:\/\/argentinamunicipal.com.ar\/argentina\/wp-json\/wp\/v2\/posts"}],"about":[{"href":"http:\/\/argentinamunicipal.com.ar\/argentina\/wp-json\/wp\/v2\/types\/post"}],"author":[{"embeddable":true,"href":"http:\/\/argentinamunicipal.com.ar\/argentina\/wp-json\/wp\/v2\/users\/2"}],"replies":[{"embeddable":true,"href":"http:\/\/argentinamunicipal.com.ar\/argentina\/wp-json\/wp\/v2\/comments?post=41876"}],"version-history":[{"count":0,"href":"http:\/\/argentinamunicipal.com.ar\/argentina\/wp-json\/wp\/v2\/posts\/41876\/revisions"}],"wp:featuredmedia":[{"embeddable":true,"href":"http:\/\/argentinamunicipal.com.ar\/argentina\/wp-json\/wp\/v2\/media\/41877"}],"wp:attachment":[{"href":"http:\/\/argentinamunicipal.com.ar\/argentina\/wp-json\/wp\/v2\/media?parent=41876"}],"wp:term":[{"taxonomy":"category","embeddable":true,"href":"http:\/\/argentinamunicipal.com.ar\/argentina\/wp-json\/wp\/v2\/categories?post=41876"},{"taxonomy":"post_tag","embeddable":true,"href":"http:\/\/argentinamunicipal.com.ar\/argentina\/wp-json\/wp\/v2\/tags?post=41876"}],"curies":[{"name":"wp","href":"https:\/\/api.w.org\/{rel}","templated":true}]}}