{"id":41887,"date":"2016-01-13T07:06:27","date_gmt":"2016-01-13T10:06:27","guid":{"rendered":"http:\/\/argentinamunicipal.com.ar\/argentina\/?p=41887"},"modified":"2016-01-15T08:21:16","modified_gmt":"2016-01-15T11:21:16","slug":"municipales-bonaerenses-frenaron-suspension-la-ley-paritarias","status":"publish","type":"post","link":"http:\/\/argentinamunicipal.com.ar\/argentina\/municipales-bonaerenses-frenaron-suspension-la-ley-paritarias\/","title":{"rendered":"Municipales bonaerenses frenaron suspensi\u00f3n de la Ley de Paritarias"},"content":{"rendered":"<p><a href=\"http:\/\/argentinamunicipal.com.ar\/argentina\/wp-content\/uploads\/2016\/01\/e0338fe0b3bceb2480ebc3c7535c5b32_L.jpg\"><img loading=\"lazy\" decoding=\"async\" class=\"aligncenter  wp-image-41888\" src=\"http:\/\/argentinamunicipal.com.ar\/argentina\/wp-content\/uploads\/2016\/01\/e0338fe0b3bceb2480ebc3c7535c5b32_L.jpg\" alt=\"e0338fe0b3bceb2480ebc3c7535c5b32_L\" width=\"656\" height=\"403\" srcset=\"http:\/\/argentinamunicipal.com.ar\/argentina\/wp-content\/uploads\/2016\/01\/e0338fe0b3bceb2480ebc3c7535c5b32_L.jpg 700w, http:\/\/argentinamunicipal.com.ar\/argentina\/wp-content\/uploads\/2016\/01\/e0338fe0b3bceb2480ebc3c7535c5b32_L-300x184.jpg 300w\" sizes=\"auto, (max-width: 656px) 100vw, 656px\" \/><\/a><br \/>\nMarcelo Villegas dijo a dirigentes gremiales que s\u00f3lo quedar\u00e1 suspendida por 6 meses una parte de la nueva ley para los municipios que no hayan reglamentando un r\u00e9gimen de empleo municipal propio.<\/p>\n<p>En medio de las cr\u00edticas y a dos d\u00edas de tratar el presupuesto bonaerense, la gobernadora Mar\u00eda Eugenia Vidal decidi\u00f3 dar marcha atr\u00e1s con el decreto que suspend\u00eda por medio a\u00f1o la Ley de Paritarias Municipales y restablec\u00eda otra norma que permit\u00eda a los intendentes declarar la emergencia y despedir personal de planta.<\/p>\n<p>El ministro de Trabajo bonaerense, Marcelo Villegas, anunci\u00f3 ayer a dirigentes gremiales y a un pu\u00f1ado de intendentes que el Ejecutivo iba a revisar la parte del decreto que dejaba en vigencia la antigua Ley 11.757, que la Suprema Corte declar\u00f3 inconstitucional.<\/p>\n<p>\u00abEl ministro ha planteado que la Ley (14.656) no se suspende, sino que planteo suspender s\u00f3lo la tercera parte a pedido de algunos intendentes que dicen que encontraron los municipios fundidos. Esto significa que los trabajadores municipales vamos a tener paritarias y negociaci\u00f3n colectiva, cada intendente con cada sindicato va a poder armar su Convenio Colectivo. As\u00ed que pedimos ver c\u00f3mo quedar\u00eda redactado el art\u00edculo 5 del decreto y como queda el texto en el proyecto del presupuesto\u00bb, dijo al salir de la reuni\u00f3n Rub\u00e9n \u00abCholo\u00bb Garc\u00eda, secretario general de Federaci\u00f3n de Sindicatos Municipales de la Provincia (Fesimubo).<\/p>\n<p>La Ley 11.757, denominada por los gremios como \u00abLey Duhalde\u00bb, fue sancionada a mediados de los 90 en un contexto de emergencia econ\u00f3mica y permite a los intendentes despedir personal de planta. Los trabajadores lo ven como un avance luego de los despidos de cooperativistas, contratados y temporarios en distintos municipios.<\/p>\n<p>\u00abEn el contexto en el que estamos este anuncio es un triunfo\u00bb, calific\u00f3 Hern\u00e1n Doval, diputado provincial por el Frente para la Victoria y dirigente gremial de los municipales de Avellaneda. \u00abAhora vamos a asegurarnos que en la Legislatura, durante la discusi\u00f3n del presupuesto, no se suspenda nada\u00bb, agreg\u00f3.<\/p>\n<p>Seg\u00fan lo dicho por Villegas a los sindicalistas, s\u00f3lo quedar\u00e1 suspendido por 180 d\u00edas desde el art\u00edculo 65 en adelante, una Secci\u00f3n Supletoria para los municipios que no hayan sancionado ordenanza municipal reglamentando un r\u00e9gimen de empleo municipal o no se hubiese suscripto un Convenio Colectivo de Trabajo.<\/p>\n<p>Luego de la reuni\u00f3n en el Gobierno bonaerense manifestaron la intenci\u00f3n de \u00abconformar una mesa de di\u00e1logo, con intendentes y sindicatos municipales, para avanzar en la plena implementaci\u00f3n de la Ley 14.656, que es lo que hicimos hoy ac\u00e1\u00bb, dijeron a LA CAPITAL.<\/p>\n<p>El encuentro de ayer fue organizado por el Ministro de Trabajo para conformar el Consejo de Empleo Municipal, creado por la Ley de Paritaria Municipales, para acompa\u00f1ar a los municipios durante 180 d\u00edas en la elaboraci\u00f3n de anteproyectos de ordenanzas municipales referidas al r\u00e9gimen de trabajo municipal.<\/p>\n<p>Estuvieron los intendentes de San Miguel, Joaqu\u00edn De la Torre (FR); de Merlo, Gustavo Men\u00e9ndez (FpV); de Bol\u00edvar, Eduardo Bucca (FpV); y de Quilmes, Martiniano Molina (Cambiemos); y funcionarios que representaron a los municipios de San Cayetano (Cambiemos) y San Isidro (Cambiemos). Por parte de los gremios fueron adem\u00e1s de Garc\u00eda y Doval por la Fesimubo, Jorge Sarno, secretario Adjunto de UPCN; Carlos D\u00edaz, Secretario de Relaciones Institucionales de la CTA Aut\u00f3noma y representantes de la Federaci\u00f3n de Sindicatos de Trabajadores Municipales de la Provincia (Fstmpba).<\/p>\n<p>\u00abHemos ratificado el dialogo paritario que establece la norma y definido un plazo de 45 d\u00edas para que se designen los representantes de cada una de las partes que van a integrar la Comisi\u00f3n de Empleo Municipal\u00bb explic\u00f3 Villegas mediante un comunicado. \u00abConforme a la instrucci\u00f3n de la gobernadora Mar\u00eda Eugenia Vidal, desde el Ministerio vamos a trabajar en la reglamentaci\u00f3n de la Ley como autoridad de aplicaci\u00f3n y hemos solicitado que todos transitemos este proceso con compromiso y responsabilidad en un marco de di\u00e1logo y paz social\u00bb, agreg\u00f3.<\/p>\n<p>Tal como inform\u00f3 ayer este diario, los dirigentes gremiales estaban a punto de recurrir a amparos judiciales para frenar la suspensi\u00f3n de la ley de paritarias municipales. Ahora, esperan ver c\u00f3mo queda reflejado el anuncio en la Legislatura puesto que la gobernadora Vidal deb\u00eda hacer refrendar el decreto por los diputados y senadores y pensaba hacerlo a trav\u00e9s de un art\u00edculo dentro del proyecto de Presupuesto que se tratar\u00e1 ma\u00f1ana. Ayer la CTA march\u00f3 en contra de los despidos masivos y el decreto y ma\u00f1ana habr\u00e1 otra manifestaci\u00f3n frente al parlamento bonaerense.<\/p>\n<p>El anuncio, adem\u00e1s, ayuda a descomprimir la negociaci\u00f3n con el Frente para la Victoria por la \u00abLey de leyes\u00bb que arrastra un pedido de endeudamiento record de 106 mil millones de pesos y que habr\u00eda sido reducido a casi la mitad.<\/p>\n<h6>Fuente: La Capital, Mar del Plata<\/h6>\n","protected":false},"excerpt":{"rendered":"<p>Marcelo Villegas dijo a dirigentes gremiales que s\u00f3lo quedar\u00e1 suspendida por 6 meses una parte de la nueva ley para los municipios que no hayan reglamentando un r\u00e9gimen de empleo municipal propio.<\/p>\n","protected":false},"author":2,"featured_media":41888,"comment_status":"closed","ping_status":"closed","sticky":false,"template":"","format":"standard","meta":{"footnotes":""},"categories":[7],"tags":[12],"class_list":["post-41887","post","type-post","status-publish","format-standard","has-post-thumbnail","hentry","category-informe-sindical","tag-buenos-aires"],"_links":{"self":[{"href":"http:\/\/argentinamunicipal.com.ar\/argentina\/wp-json\/wp\/v2\/posts\/41887","targetHints":{"allow":["GET"]}}],"collection":[{"href":"http:\/\/argentinamunicipal.com.ar\/argentina\/wp-json\/wp\/v2\/posts"}],"about":[{"href":"http:\/\/argentinamunicipal.com.ar\/argentina\/wp-json\/wp\/v2\/types\/post"}],"author":[{"embeddable":true,"href":"http:\/\/argentinamunicipal.com.ar\/argentina\/wp-json\/wp\/v2\/users\/2"}],"replies":[{"embeddable":true,"href":"http:\/\/argentinamunicipal.com.ar\/argentina\/wp-json\/wp\/v2\/comments?post=41887"}],"version-history":[{"count":0,"href":"http:\/\/argentinamunicipal.com.ar\/argentina\/wp-json\/wp\/v2\/posts\/41887\/revisions"}],"wp:featuredmedia":[{"embeddable":true,"href":"http:\/\/argentinamunicipal.com.ar\/argentina\/wp-json\/wp\/v2\/media\/41888"}],"wp:attachment":[{"href":"http:\/\/argentinamunicipal.com.ar\/argentina\/wp-json\/wp\/v2\/media?parent=41887"}],"wp:term":[{"taxonomy":"category","embeddable":true,"href":"http:\/\/argentinamunicipal.com.ar\/argentina\/wp-json\/wp\/v2\/categories?post=41887"},{"taxonomy":"post_tag","embeddable":true,"href":"http:\/\/argentinamunicipal.com.ar\/argentina\/wp-json\/wp\/v2\/tags?post=41887"}],"curies":[{"name":"wp","href":"https:\/\/api.w.org\/{rel}","templated":true}]}}