{"id":41891,"date":"2016-01-13T07:13:28","date_gmt":"2016-01-13T10:13:28","guid":{"rendered":"http:\/\/argentinamunicipal.com.ar\/argentina\/?p=41891"},"modified":"2016-01-13T07:13:28","modified_gmt":"2016-01-13T10:13:28","slug":"suarez-no-hubo-acuerdo-siguen-las-medidas-fuerza","status":"publish","type":"post","link":"http:\/\/argentinamunicipal.com.ar\/argentina\/suarez-no-hubo-acuerdo-siguen-las-medidas-fuerza\/","title":{"rendered":"En Su\u00e1rez no hubo acuerdo y siguen las medidas de fuerza"},"content":{"rendered":"<p><a href=\"http:\/\/argentinamunicipal.com.ar\/argentina\/wp-content\/uploads\/2016\/01\/09-ZONA-REUNION-EN-CORONEL-SUAREZ-SDARC-172045C.jpg\"><img loading=\"lazy\" decoding=\"async\" class=\"aligncenter size-full wp-image-41892\" src=\"http:\/\/argentinamunicipal.com.ar\/argentina\/wp-content\/uploads\/2016\/01\/09-ZONA-REUNION-EN-CORONEL-SUAREZ-SDARC-172045C.jpg\" alt=\"09 ZONA REUNION EN CORONEL SUAREZ-SDARC-172045C\" width=\"620\" height=\"348\" srcset=\"http:\/\/argentinamunicipal.com.ar\/argentina\/wp-content\/uploads\/2016\/01\/09-ZONA-REUNION-EN-CORONEL-SUAREZ-SDARC-172045C.jpg 620w, http:\/\/argentinamunicipal.com.ar\/argentina\/wp-content\/uploads\/2016\/01\/09-ZONA-REUNION-EN-CORONEL-SUAREZ-SDARC-172045C-300x168.jpg 300w\" sizes=\"auto, (max-width: 620px) 100vw, 620px\" \/><\/a><br \/>\nSe reunieron el Ejecutivo y el STM, pero se aplaz\u00f3 la discusi\u00f3n salarial hasta que la Provincia pueda aprobar el Presupuesto 2016. Solo se cubren las guardias hospitalarias m\u00ednimas.<\/p>\n<p>Los empleados comunales nucleados en el Sindicato de Trabajadores Municipales de Coronel Su\u00e1rez continuar\u00e1n con las medidas de fuerza que vienen llevando a cabo desde hace varios d\u00edas en reclamo de mejoras salariales, luego de que ayer no se pudiera llegar a un acuerdo al respecto en una reuni\u00f3n que mantuvo el secretario de gobierno suarense, Guillermo Sol, con representantes locales y de la regi\u00f3n del STM.<\/p>\n<p>Por el momento, los trabajadores se mantendr\u00e1n en estado de asamblea permanente y movilizaci\u00f3n, garantizando solo la cobertura de las guardias m\u00ednimas en el hospital municipal. Sobre la pauta salarial, las conversaciones se retomar\u00edan entre el viernes y el pr\u00f3ximo lunes, en caso de que ma\u00f1ana la Legislatura bonaerense apruebe el Presupuesto 2016 de la Provincia.<\/p>\n<p>En ese sentido, el secretario de Gobierno suarense, Guillermo Sol, remarc\u00f3 que primero es necesario conocer los fondos coparticipables para el distrito, para reci\u00e9n despu\u00e9s sentarse a discutir el aumento salarial.<\/p>\n<p>\u201cQueremos conocer los n\u00fameros concretos. Hoy en d\u00eda, el 72% del Presupuesto municipal est\u00e1 compuesto de fondos coparticipables, que tienen una injerencia directa en la vida del municipio\u201d, manifest\u00f3.<\/p>\n<p>\u201cPor ello, acordamos que el lunes nos reuniremos si la Provincia logra -ma\u00f1ana- sancionar el Presupuesto, y que nos informen sobre el fondo de coparticipaci\u00f3n para que podamos sacar los n\u00fameros; o si vamos a tener salvatajes extraordinarios. Eso nos dar\u00e1 una base de seriedad para hablar de pautas salariales\u201d, a\u00f1adi\u00f3.<\/p>\n<p>Sol calific\u00f3 como \u201cilegal\u201d la actitud del STM al tener los servicios cortados -incluso, se est\u00e1 organizando un sistema alternativo de recolecci\u00f3n de residuos- y recalc\u00f3 que la comuna deber\u00e1 descontar los d\u00edas no trabajados y el presentismo de los trabajadores que se plieguen a la medida.<\/p>\n<p>\u201cLa discusi\u00f3n sobre el aumento salarial debe darse en el marco de un municipio en marcha y trabajando. No puede ser que tengamos los servicios cortados; en algunos sectores de la ciudad tenemos p\u00e9rdidas de agua que van creciendo todos los d\u00edas\u201d, dijo.<\/p>\n<p>Asimismo, record\u00f3 que la comuna se mantiene firme en las propuestas hechas la semana pasada a la c\u00fapula del STM suarense, como la reincorporaci\u00f3n de 60 trabajadores que hab\u00edan concluido sus contratos el 31 de diciembre de 2015; el pago de un bono de 2 mil pesos con los haberes de enero; y el debate del aumento salarial.<\/p>\n<p>Muy compleja<\/p>\n<p>El funcionario afirm\u00f3 que la situaci\u00f3n actual del municipio es \u201cmuy compleja\u201d. Haciendo una proyecci\u00f3n con los n\u00fameros del a\u00f1o pasado -sin tener en cuenta aumentos-, la masa salarial para todo 2016 de la comuna suarense ascender\u00eda a unos 286 millones de pesos, teniendo un presupuesto estimado en 410 millones de pesos.<\/p>\n<p>\u201cA esos n\u00fameros habr\u00eda que sumarle el aumento en las cargas m\u00e9dicas y otras que se hacen de Hacienda, pero podr\u00edamos decir que los sueldos se llevan el 65% del presupuesto\u201d, dijo.<\/p>\n<p>\u201cEn la actualidad hay unos 1.550 trabajadores municipales, a los que se suman personas que no est\u00e1n directamente vinculadas, pero s\u00ed lo est\u00e1n con proyectos de la comuna, como las cooperativas de trabajo. Pero tambi\u00e9n tenemos que tener en cuenta que a fin de 2013 hab\u00eda 1.200 empleados, entre estables y contratados. Se sumaron 400 personas en dos a\u00f1os, y hay que asumir que el gobierno anterior tiene una corresponsabilidad con esto\u201d, a\u00f1adi\u00f3.<\/p>\n<h6>Fuente: La Nueva<\/h6>\n","protected":false},"excerpt":{"rendered":"<p>Se reunieron el Ejecutivo y el STM, pero se aplaz\u00f3 la discusi\u00f3n salarial hasta que la Provincia pueda aprobar el Presupuesto 2016. Solo se cubren las guardias hospitalarias m\u00ednimas. Los empleados comunales nucleados en el Sindicato de Trabajadores Municipales de Coronel Su\u00e1rez continuar\u00e1n con las medidas de fuerza que vienen llevando a cabo desde hace<\/p>\n","protected":false},"author":2,"featured_media":41892,"comment_status":"closed","ping_status":"closed","sticky":false,"template":"","format":"standard","meta":{"footnotes":""},"categories":[7],"tags":[12],"class_list":["post-41891","post","type-post","status-publish","format-standard","has-post-thumbnail","hentry","category-informe-sindical","tag-buenos-aires"],"_links":{"self":[{"href":"http:\/\/argentinamunicipal.com.ar\/argentina\/wp-json\/wp\/v2\/posts\/41891","targetHints":{"allow":["GET"]}}],"collection":[{"href":"http:\/\/argentinamunicipal.com.ar\/argentina\/wp-json\/wp\/v2\/posts"}],"about":[{"href":"http:\/\/argentinamunicipal.com.ar\/argentina\/wp-json\/wp\/v2\/types\/post"}],"author":[{"embeddable":true,"href":"http:\/\/argentinamunicipal.com.ar\/argentina\/wp-json\/wp\/v2\/users\/2"}],"replies":[{"embeddable":true,"href":"http:\/\/argentinamunicipal.com.ar\/argentina\/wp-json\/wp\/v2\/comments?post=41891"}],"version-history":[{"count":0,"href":"http:\/\/argentinamunicipal.com.ar\/argentina\/wp-json\/wp\/v2\/posts\/41891\/revisions"}],"wp:featuredmedia":[{"embeddable":true,"href":"http:\/\/argentinamunicipal.com.ar\/argentina\/wp-json\/wp\/v2\/media\/41892"}],"wp:attachment":[{"href":"http:\/\/argentinamunicipal.com.ar\/argentina\/wp-json\/wp\/v2\/media?parent=41891"}],"wp:term":[{"taxonomy":"category","embeddable":true,"href":"http:\/\/argentinamunicipal.com.ar\/argentina\/wp-json\/wp\/v2\/categories?post=41891"},{"taxonomy":"post_tag","embeddable":true,"href":"http:\/\/argentinamunicipal.com.ar\/argentina\/wp-json\/wp\/v2\/tags?post=41891"}],"curies":[{"name":"wp","href":"https:\/\/api.w.org\/{rel}","templated":true}]}}