{"id":4280,"date":"2014-03-19T12:08:17","date_gmt":"2014-03-19T15:08:17","guid":{"rendered":"http:\/\/argentinamunicipal.com.ar\/argentina\/?p=4280"},"modified":"2014-03-19T12:08:17","modified_gmt":"2014-03-19T15:08:17","slug":"roca-se-suma-a-la-red-federal-de-fibra-optica","status":"publish","type":"post","link":"http:\/\/argentinamunicipal.com.ar\/argentina\/roca-se-suma-a-la-red-federal-de-fibra-optica\/","title":{"rendered":"Roca se suma a la Red Federal de Fibra \u00d3ptica"},"content":{"rendered":"<div id=\"attachment_4281\" style=\"width: 596px\" class=\"wp-caption aligncenter\"><a href=\"http:\/\/argentinamunicipal.com.ar\/argentina\/wp-content\/uploads\/2014\/03\/manzana-jg12.jpg\"><img loading=\"lazy\" decoding=\"async\" aria-describedby=\"caption-attachment-4281\" class=\"size-full wp-image-4281\" alt=\"Decir \u201cRoca\u201d es nombrar una de las ciudades m\u00e1s conocidas de la Patagonia argentina, cuyo nombre completo es General Roca.\" src=\"http:\/\/argentinamunicipal.com.ar\/argentina\/wp-content\/uploads\/2014\/03\/manzana-jg12.jpg\" width=\"586\" height=\"386\" srcset=\"http:\/\/argentinamunicipal.com.ar\/argentina\/wp-content\/uploads\/2014\/03\/manzana-jg12.jpg 586w, http:\/\/argentinamunicipal.com.ar\/argentina\/wp-content\/uploads\/2014\/03\/manzana-jg12-300x197.jpg 300w\" sizes=\"auto, (max-width: 586px) 100vw, 586px\" \/><\/a><p id=\"caption-attachment-4281\" class=\"wp-caption-text\">Decir \u201cRoca\u201d es nombrar una de las ciudades m\u00e1s conocidas de la Patagonia argentina, cuyo nombre completo es General Roca.<\/p><\/div>\n<p>Seg\u00fan el anuncio, instalar\u00e1n un shelter para desarrollar la red troncal. Permitir\u00e1 la conexi\u00f3n de escuelas, empresas, e instituciones estatales o privadas con menores costos.<\/p>\n<p>La comunidad de General Roca quedar\u00e1 conectada a la Red Federal de Fibra \u00d3ptica que consiste en una infraestructura nacional complementaria a las redes de telecomunicaciones existentes que son los operadores tradicionales.<\/p>\n<p>De acuerdo a lo anunciado, la empresa ARSAT ( Argentina Satelital) seleccion\u00f3 a la ciudad para instalar un Shelter con fibra \u00f3ptica para desarrollar la Red Troncal de fibra \u00f3ptica que permite la interconexi\u00f3n de todos los puntos provinciales conformando de esa forma la Red Federal de Fibra \u00d3ptica.<\/p>\n<p>La Red Federal de Fibra Optica permite la conexi\u00f3n de escuelas, empresas, e instituciones estatales o privadas que necesitan disponer de una gran capacidad de procesamiento y almacenamiento de datos en condiciones de extrema seguridad.<\/p>\n<p>Por otra parte, tambi\u00e9n albergar\u00e1 al sistema nacional de computaci\u00f3n para las instituciones cient\u00edficas por convenio con el Ministerio Nacional de Ciencia y Tecnolog\u00eda<\/p>\n<p>A su vez, el Sistema Argentino de Televisi\u00f3n Digital Terrestre presta servicios de transporte de video, audio y datos a todas las Estaciones Digitales Terrestres.<\/p>\n<p>La Municipalidad puso a disposici\u00f3n de ARSAT alternativas de terrenos fiscales con los requerimientos t\u00e9cnicos para la instalaci\u00f3n del Shelter. ARSAT acept\u00f3 y luego de evaluar las propuestas consider\u00f3 t\u00e9cnicamente apropiado el lote municipal de la esquina de calles Maip\u00fa y San Luis.<\/p>\n<p>Seg\u00fan se destac\u00f3, la novedad \u00abaumentar\u00e1 la competencia en precios de uso de fibra \u00f3ptica y permitir\u00e1 a nuestras instituciones y ciudadanos acceder a moderna tecnolog\u00eda con menores costos\u00bb.<\/p>\n<p>Si bien el convenio a\u00fan no est\u00e1 firmado, el Ejecutivo municipal autoriz\u00f3 la realizaci\u00f3n de obras urbanas bajo las normativas municipalesy tambi\u00e9n ofreci\u00f3 un lote en el Parque Industrial II lo que le dar\u00eda al sector una ventaja comparativa respecto de otras localizaciones de empresas en la regi\u00f3n.<\/p>\n<h3>\nQu\u00e9 es la Red Federal de Fibra \u00d3ptica?<\/h3>\n<p>Es la infraestructura del Plan Nacional Argentina Conectada mediante el cual el Estado impulsar\u00e1 la construcci\u00f3n de infraestructura nacional complementaria a las redes de telecomunicaciones existentes (es decir, de los operadores tradicionales).<\/p>\n<p>Esto permite ampliar la oferta de servicios de transporte de datos, logrando una disminuci\u00f3n en los precios al consumidor final de los servicios de Internet de banda ancha y video. El objetivo es generar mayores \u00edndices de inclusi\u00f3n, igualdad y equidad en todo el pa\u00eds en cuanto a la accesibilidad, la calidad de servicio y el precio.<\/p>\n<h6>Fuente: rionegro.com.ar<\/h6>\n","protected":false},"excerpt":{"rendered":"<p>Seg\u00fan el anuncio, instalar\u00e1n un shelter para desarrollar la red troncal. Permitir\u00e1 la conexi\u00f3n de escuelas, empresas, e instituciones estatales o privadas con menores costos. La comunidad de General Roca quedar\u00e1 conectada a la Red Federal de Fibra \u00d3ptica que consiste en una infraestructura nacional complementaria a las redes de telecomunicaciones existentes que son los<\/p>\n","protected":false},"author":1,"featured_media":4281,"comment_status":"closed","ping_status":"closed","sticky":false,"template":"","format":"standard","meta":{"footnotes":""},"categories":[2],"tags":[11],"class_list":["post-4280","post","type-post","status-publish","format-standard","has-post-thumbnail","hentry","category-informe-municipal","tag-rio-negro"],"_links":{"self":[{"href":"http:\/\/argentinamunicipal.com.ar\/argentina\/wp-json\/wp\/v2\/posts\/4280","targetHints":{"allow":["GET"]}}],"collection":[{"href":"http:\/\/argentinamunicipal.com.ar\/argentina\/wp-json\/wp\/v2\/posts"}],"about":[{"href":"http:\/\/argentinamunicipal.com.ar\/argentina\/wp-json\/wp\/v2\/types\/post"}],"author":[{"embeddable":true,"href":"http:\/\/argentinamunicipal.com.ar\/argentina\/wp-json\/wp\/v2\/users\/1"}],"replies":[{"embeddable":true,"href":"http:\/\/argentinamunicipal.com.ar\/argentina\/wp-json\/wp\/v2\/comments?post=4280"}],"version-history":[{"count":0,"href":"http:\/\/argentinamunicipal.com.ar\/argentina\/wp-json\/wp\/v2\/posts\/4280\/revisions"}],"wp:featuredmedia":[{"embeddable":true,"href":"http:\/\/argentinamunicipal.com.ar\/argentina\/wp-json\/wp\/v2\/media\/4281"}],"wp:attachment":[{"href":"http:\/\/argentinamunicipal.com.ar\/argentina\/wp-json\/wp\/v2\/media?parent=4280"}],"wp:term":[{"taxonomy":"category","embeddable":true,"href":"http:\/\/argentinamunicipal.com.ar\/argentina\/wp-json\/wp\/v2\/categories?post=4280"},{"taxonomy":"post_tag","embeddable":true,"href":"http:\/\/argentinamunicipal.com.ar\/argentina\/wp-json\/wp\/v2\/tags?post=4280"}],"curies":[{"name":"wp","href":"https:\/\/api.w.org\/{rel}","templated":true}]}}