{"id":4311,"date":"2014-03-19T13:44:40","date_gmt":"2014-03-19T16:44:40","guid":{"rendered":"http:\/\/argentinamunicipal.com.ar\/argentina\/?p=4311"},"modified":"2014-03-31T09:15:00","modified_gmt":"2014-03-31T12:15:00","slug":"destacan-la-creacion-del-nuevo-parque-nacional-patagonia-en-santa-cruz","status":"publish","type":"post","link":"http:\/\/argentinamunicipal.com.ar\/argentina\/destacan-la-creacion-del-nuevo-parque-nacional-patagonia-en-santa-cruz\/","title":{"rendered":"Destacan la creaci\u00f3n del nuevo Parque Nacional Patagonia en Santa Cruz"},"content":{"rendered":"<p><a href=\"http:\/\/argentinamunicipal.com.ar\/argentina\/wp-content\/uploads\/2014\/03\/Lago-Parque-Nacional.jpg\"><img loading=\"lazy\" decoding=\"async\" class=\"aligncenter size-full wp-image-4312\" alt=\"Lago-Parque-Nacional\" src=\"http:\/\/argentinamunicipal.com.ar\/argentina\/wp-content\/uploads\/2014\/03\/Lago-Parque-Nacional.jpg\" width=\"800\" height=\"465\" srcset=\"http:\/\/argentinamunicipal.com.ar\/argentina\/wp-content\/uploads\/2014\/03\/Lago-Parque-Nacional.jpg 800w, http:\/\/argentinamunicipal.com.ar\/argentina\/wp-content\/uploads\/2014\/03\/Lago-Parque-Nacional-300x174.jpg 300w\" sizes=\"auto, (max-width: 800px) 100vw, 800px\" \/><\/a><\/p>\n<p>El vicegobernador Fernando Cotillo quien particip\u00f3 del acto de presentaci\u00f3n del proyecto de creaci\u00f3n del Parque Nacional Patagonia destac\u00f3 la iniciativa por el valor que tiene para Santa Cruz tanto en el plano de lo tur\u00edstico como de la generaci\u00f3n de puestos laborales y se\u00f1al\u00f3 que se espera que est\u00e9 aprobado a mediados de a\u00f1o.<\/p>\n<p>En el Congreso Nacional ayer se present\u00f3 el proyecto que pretende la creaci\u00f3n del octavo parque nacional en Santa Cruz; en el acto hizo uso de la palabra el Vicegobernador quien valoriz\u00f3 la iniciativa; en declaraciones a voces y apuntes dijo que el lugar es precioso y que servir\u00e1 para unir todo el paseo desde Cueva de las Manos hasta Monte Ceballos pasando por Perito Moreno y Los Antiguos.<\/p>\n<p>Al respecto, mencion\u00f3: \u201cVamos por el octavo parque nacional y mas alla de las bondades que tiene y de lo que hemos le\u00eddo de lo que significa la creaci\u00f3n del parque es tiempo para empezar a despertar una vocaci\u00f3n en gente de Santa Cruz y alumnos que pueden tener una buena salida laboral en capacitarse y prepararse para estar al frente de la administraci\u00f3n de guardaparques\u201d, y a\u00f1adi\u00f3: \u201cfuimos a visitar el lugar, que queda en la meseta del lago Buenos Aires al sur por la ruta 40 o 41 antes de llegar a Bajo Caracoles contando con la cueva de las manos, monte ceballos, paso robayo y explotar aun mas lo que es el destino\u201d.<\/p>\n<p>Sobre los temas que est\u00e1n pendientes para ser abordados ante de la aprobaci\u00f3n de la Ley, sostuvo: \u201cesta para la aprobaci\u00f3n la sesi\u00f3n de las tierras del estado provincial, y el preacuerdo que se firm\u00f3 con la Fundaci\u00f3n que compr\u00f3 parte de la estancia quien se la va donar al estado nacional con el cargo que ah\u00ed est\u00e9 constituido el parque\u201d, y a\u00f1adi\u00f3: \u201cel paso siguiente es sanci\u00f3n de la ley que le da el nacimiento \u201c.<\/p>\n<p>Finalmente adelant\u00f3 que hoy participar\u00e1 de una reuni\u00f3n con el Presidente de vialidad nacional, \u201cpara hablar sobre la marcha de la autov\u00eda y circunvalaci\u00f3n y una obra que tiene que ver con Pico Truncado y la pavimentaci\u00f3n del ingreso al cementerio\u201d.<\/p>\n<h6>Fuente: El Peri\u00f3dico Austral<\/h6>\n","protected":false},"excerpt":{"rendered":"<p>El vicegobernador Fernando Cotillo quien particip\u00f3 del acto de presentaci\u00f3n del proyecto de creaci\u00f3n del Parque Nacional Patagonia destac\u00f3 la iniciativa por el valor que tiene para Santa Cruz tanto en el plano de lo tur\u00edstico como de la generaci\u00f3n de puestos laborales y se\u00f1al\u00f3 que se espera que est\u00e9 aprobado a mediados de a\u00f1o.<\/p>\n","protected":false},"author":1,"featured_media":4312,"comment_status":"closed","ping_status":"closed","sticky":false,"template":"","format":"standard","meta":{"footnotes":""},"categories":[8,2],"tags":[21,29],"class_list":["post-4311","post","type-post","status-publish","format-standard","has-post-thumbnail","hentry","category-informe-nacional","category-informe-municipal","tag-argentina","tag-santa-cruz"],"_links":{"self":[{"href":"http:\/\/argentinamunicipal.com.ar\/argentina\/wp-json\/wp\/v2\/posts\/4311","targetHints":{"allow":["GET"]}}],"collection":[{"href":"http:\/\/argentinamunicipal.com.ar\/argentina\/wp-json\/wp\/v2\/posts"}],"about":[{"href":"http:\/\/argentinamunicipal.com.ar\/argentina\/wp-json\/wp\/v2\/types\/post"}],"author":[{"embeddable":true,"href":"http:\/\/argentinamunicipal.com.ar\/argentina\/wp-json\/wp\/v2\/users\/1"}],"replies":[{"embeddable":true,"href":"http:\/\/argentinamunicipal.com.ar\/argentina\/wp-json\/wp\/v2\/comments?post=4311"}],"version-history":[{"count":0,"href":"http:\/\/argentinamunicipal.com.ar\/argentina\/wp-json\/wp\/v2\/posts\/4311\/revisions"}],"wp:featuredmedia":[{"embeddable":true,"href":"http:\/\/argentinamunicipal.com.ar\/argentina\/wp-json\/wp\/v2\/media\/4312"}],"wp:attachment":[{"href":"http:\/\/argentinamunicipal.com.ar\/argentina\/wp-json\/wp\/v2\/media?parent=4311"}],"wp:term":[{"taxonomy":"category","embeddable":true,"href":"http:\/\/argentinamunicipal.com.ar\/argentina\/wp-json\/wp\/v2\/categories?post=4311"},{"taxonomy":"post_tag","embeddable":true,"href":"http:\/\/argentinamunicipal.com.ar\/argentina\/wp-json\/wp\/v2\/tags?post=4311"}],"curies":[{"name":"wp","href":"https:\/\/api.w.org\/{rel}","templated":true}]}}