{"id":43884,"date":"2016-03-01T07:53:31","date_gmt":"2016-03-01T10:53:31","guid":{"rendered":"http:\/\/argentinamunicipal.com.ar\/argentina\/?p=43884"},"modified":"2016-03-01T07:53:31","modified_gmt":"2016-03-01T10:53:31","slug":"paro-atucha-600-despidos","status":"publish","type":"post","link":"http:\/\/argentinamunicipal.com.ar\/argentina\/paro-atucha-600-despidos\/","title":{"rendered":"Paro en Atucha por 600 despidos"},"content":{"rendered":"<p><a href=\"http:\/\/argentinamunicipal.com.ar\/argentina\/wp-content\/uploads\/2016\/03\/20160229112725_atucha.jpg\"><img loading=\"lazy\" decoding=\"async\" class=\"aligncenter size-full wp-image-43885\" src=\"http:\/\/argentinamunicipal.com.ar\/argentina\/wp-content\/uploads\/2016\/03\/20160229112725_atucha.jpg\" alt=\"20160229112725_atucha\" width=\"620\" height=\"340\" srcset=\"http:\/\/argentinamunicipal.com.ar\/argentina\/wp-content\/uploads\/2016\/03\/20160229112725_atucha.jpg 620w, http:\/\/argentinamunicipal.com.ar\/argentina\/wp-content\/uploads\/2016\/03\/20160229112725_atucha-300x165.jpg 300w\" sizes=\"auto, (max-width: 620px) 100vw, 620px\" \/><\/a><br \/>\nEmpezaron a recibir telegramas el viernes y aseguran que \u201csiguen llegando\u201d. Los trabajadores nucleados en el gremio UECARA reclaman respuestas al Gobierno nacional que hab\u00eda prometido continuar con las obras en Atucha III.<\/p>\n<p>Trabajadores de la central nuclear Atucha, en Z\u00e1rate, se encuentran en asamblea y ya anunciaron una medida de fuerza para rechazar\u00a0600 despidos que comenzaron a ser notificados el viernes, y aseguran que los telegramas \u201csiguen llegando\u201d.<\/p>\n<p>\u201cEmpezamos a recibir telegramas el viernes y hoy siguen llegando, vamos a llegar a los 600\u201d, advirti\u00f3 el abogado de la Uni\u00f3n de Empleados de la Construcci\u00f3n y Afines de la Rep\u00fablica Argentina (UECARA), Facundo Ocampo. En declaraciones a INFOCIELO, el representante legal del gremio asegur\u00f3 que son trabajadores jer\u00e1rquicos que estaban destinados a completar los trabajos en Atucha III y cuyos contratos vencen el 31 de marzo.<\/p>\n<p>Los primeros avisos de despidos llegaron para capataces, supervisores, administrativos y t\u00e9cnicos, que por ley deben recibir la notificaci\u00f3n con 30 d\u00edas de anticipaci\u00f3n. Con esta situaci\u00f3n, para fines de marzo llegar\u00edan los telegramas para los obreros nucleados en Uocra, por lo que se estima que 2.200 trabajadores quedar\u00edan en la calle.<\/p>\n<p>\u201cLos contratos se renovaban desde el a\u00f1o pasado cada tres meses y esta era la primera vez que le tocaba renovar a Macri. Vencen el 31 de marzo y el Estado le avis\u00f3 a las empresas que no lo van a renovar, entonces empezaron a despedir la gente\u201d, advirti\u00f3 Ocampo. El abogado apunt\u00f3 al Gobierno nacional y particularmente al ministro de Energ\u00eda: \u201cAc\u00e1 nos mintieron. Nos miente Aranguren que es el que tiene la decisi\u00f3n pol\u00edtica de hacer o no la obra\u201d.<\/p>\n<p>Los trabajadores se encuentran ahora dentro de la planta, donde realizar\u00e1n una asamblea para ratificar la huelga en la planta y adelantaron que har\u00e1n una presentaci\u00f3n al Ministerio de Trabajo de la Naci\u00f3n para \u201cque intervenga y suspenda los despidos\u201d. \u201cLe pedimos que convoquen a las empresas y al Estado para que aclare qu\u00e9 van a hacer y lo vuelquen en un acta\u201d, agreg\u00f3 Ocampo a este portal.<\/p>\n<p>Los trabajadores son contratados de las empresas Vialco, Masuero Carmini, DHL, Indigo, Ociba y Dezacor. Seg\u00fan relatan desde los gremios, las firmas recibieron el aviso del Gobierno sobre el fin de las obras y comenzaron a despedir a sus trabajadores.<\/p>\n<p>Tal como viene informando INFOCIELO, el conflicto lleva varias semanas. Primero hubo reclamos por pagos atrasados, lo que encendi\u00f3 el alerta y gener\u00f3 una reuni\u00f3n d\u00edas atr\u00e1s entre el intendente de Z\u00e1rate, Osvaldo C\u00e1ffaro y el ministro de Energ\u00eda, Juan Jos\u00e9 Aranguren. Seg\u00fan el jefe comunal, el funcionario\u00a0\u00a0le comunic\u00f3 la decisi\u00f3n del Gobierno nacional de continuar con las obras del plan nuclear acordado en 2015, durante la gesti\u00f3n de Cristina Fern\u00e1ndez, lo que parecer\u00eda no estar cumpli\u00e9ndose.<\/p>\n<h6>Fuente: InfoCielo<\/h6>\n","protected":false},"excerpt":{"rendered":"<p>Empezaron a recibir telegramas el viernes y aseguran que \u201csiguen llegando\u201d. Los trabajadores nucleados en el gremio UECARA reclaman respuestas al Gobierno nacional que hab\u00eda prometido continuar con las obras en Atucha III. Trabajadores de la central nuclear Atucha, en Z\u00e1rate, se encuentran en asamblea y ya anunciaron una medida de fuerza para rechazar\u00a0600 despidos<\/p>\n","protected":false},"author":2,"featured_media":43885,"comment_status":"closed","ping_status":"closed","sticky":false,"template":"","format":"standard","meta":{"footnotes":""},"categories":[8],"tags":[21],"class_list":["post-43884","post","type-post","status-publish","format-standard","has-post-thumbnail","hentry","category-informe-nacional","tag-argentina"],"_links":{"self":[{"href":"http:\/\/argentinamunicipal.com.ar\/argentina\/wp-json\/wp\/v2\/posts\/43884","targetHints":{"allow":["GET"]}}],"collection":[{"href":"http:\/\/argentinamunicipal.com.ar\/argentina\/wp-json\/wp\/v2\/posts"}],"about":[{"href":"http:\/\/argentinamunicipal.com.ar\/argentina\/wp-json\/wp\/v2\/types\/post"}],"author":[{"embeddable":true,"href":"http:\/\/argentinamunicipal.com.ar\/argentina\/wp-json\/wp\/v2\/users\/2"}],"replies":[{"embeddable":true,"href":"http:\/\/argentinamunicipal.com.ar\/argentina\/wp-json\/wp\/v2\/comments?post=43884"}],"version-history":[{"count":0,"href":"http:\/\/argentinamunicipal.com.ar\/argentina\/wp-json\/wp\/v2\/posts\/43884\/revisions"}],"wp:featuredmedia":[{"embeddable":true,"href":"http:\/\/argentinamunicipal.com.ar\/argentina\/wp-json\/wp\/v2\/media\/43885"}],"wp:attachment":[{"href":"http:\/\/argentinamunicipal.com.ar\/argentina\/wp-json\/wp\/v2\/media?parent=43884"}],"wp:term":[{"taxonomy":"category","embeddable":true,"href":"http:\/\/argentinamunicipal.com.ar\/argentina\/wp-json\/wp\/v2\/categories?post=43884"},{"taxonomy":"post_tag","embeddable":true,"href":"http:\/\/argentinamunicipal.com.ar\/argentina\/wp-json\/wp\/v2\/tags?post=43884"}],"curies":[{"name":"wp","href":"https:\/\/api.w.org\/{rel}","templated":true}]}}