{"id":43892,"date":"2016-03-01T08:06:03","date_gmt":"2016-03-01T11:06:03","guid":{"rendered":"http:\/\/argentinamunicipal.com.ar\/argentina\/?p=43892"},"modified":"2016-03-07T08:19:41","modified_gmt":"2016-03-07T11:19:41","slug":"carreros-rosarinos-historias-detras-recolectores-dejaron-caballo-trabajo","status":"publish","type":"post","link":"http:\/\/argentinamunicipal.com.ar\/argentina\/carreros-rosarinos-historias-detras-recolectores-dejaron-caballo-trabajo\/","title":{"rendered":"Carreros rosarinos: historias detr\u00e1s de recolectores que dejaron el caballo por otro trabajo"},"content":{"rendered":"<p><a href=\"http:\/\/argentinamunicipal.com.ar\/argentina\/wp-content\/uploads\/2016\/03\/c701.jpg_88717827.jpg\"><img loading=\"lazy\" decoding=\"async\" class=\"aligncenter size-full wp-image-43893\" src=\"http:\/\/argentinamunicipal.com.ar\/argentina\/wp-content\/uploads\/2016\/03\/c701.jpg_88717827.jpg\" alt=\"c701.jpg_88717827\" width=\"621\" height=\"465\" srcset=\"http:\/\/argentinamunicipal.com.ar\/argentina\/wp-content\/uploads\/2016\/03\/c701.jpg_88717827.jpg 621w, http:\/\/argentinamunicipal.com.ar\/argentina\/wp-content\/uploads\/2016\/03\/c701.jpg_88717827-300x225.jpg 300w\" sizes=\"auto, (max-width: 621px) 100vw, 621px\" \/><\/a><br \/>\nNuevos caminos. A trav\u00e9s del programa Andando m\u00e1s de 800 personas ya no cirujean con sus equinos. Desde el municipio les ofrecen diferentes alternativas.<\/p>\n<p>Son m\u00e1s de 800 los carreros que se sumaron al programa Andando, mediante el cual la Municipalidad busca erradicar la tracci\u00f3n a sangre y mejorar las condiciones de trabajo de los recolectores informales de residuos. Las opciones van desde la conformaci\u00f3n de cooperativas, el incentivo econ\u00f3mico para el desarrollo de emprendimientos y la capacitaci\u00f3n profesional en oficios.<\/p>\n<p>Desde febrero de 2015 los equipos de la Municipalidad trabajan con los carreros en soluciones particulares para cada familia, a los fines de que puedan dejar el caballo como medio de vida. En este sentido, est\u00e1n en proceso de conformaci\u00f3n 8 cooperativas de trabajo integradas por recolectores informales, que se abocar\u00e1n una vez terminados los tr\u00e1mites, al mantenimiento urbano de la ciudad.<\/p>\n<p>Juan Enrique de 41 a\u00f1os es integrante de una de las flamantes cooperativas. \u201cHace 22 a\u00f1os que me subo al caballo todos los d\u00edas para darle de comer a mi familia. Estamos contentos porque ahora vamos a tener la posibilidad de un trabajo m\u00e1s estable, donde no estemos pensando en que hoy tenemos para comer, pero tal vez ma\u00f1ana no\u201d, asegur\u00f3.<\/p>\n<p>Por otro lado, otros optaron por cambiar de rubro y comenzar emprendimientos propios. En estos casos, la Municipalidad puso a disposici\u00f3n cursos de capacitaci\u00f3n en distintos oficios y entreg\u00f3 aportes econ\u00f3micos para la compra de herramientas que les sirvieron como puntapi\u00e9 inicial para comenzar con su negocio. As\u00ed, se consiguieron hornos pizzeros y amasadoras para los panificadores, y soldadoras para los herreros, entre otras.<\/p>\n<p>La intendenta M\u00f3nica Fein valor\u00f3 esta transformaci\u00f3n: \u201cNos parece fundamental el cambio, y la posibilidad de darles alternativas para que puedan capacitarse y conseguir un trabajo\u201d, afirm\u00f3.<\/p>\n<p>Sa\u00fal y su esposa Viviana, son parte tambi\u00e9n de las familias que se inscribieron en el Andando y ellos a cambio del caballo recibieron apoyo para poder arreglar la camioneta con la que hoy en d\u00eda salen a recolectar. \u201cLuego de un accidente qued\u00e9 con problemas de espalda de por vida, lo que me dificultaba cada vez m\u00e1s subirme al caballo, pero como es mi medio de vida todos los d\u00edas me sub\u00eda con mi hijo y recorr\u00edamos zona norte a pesar de los dolores. Hoy por suerte con la chata mejor\u00e9 mi salud y adem\u00e1s puedo recolectar mayor volumen\u201d, asegur\u00f3 Sa\u00fal.<\/p>\n<p>Cabe destacar que tanto Juan Enrique como Sa\u00fal tambi\u00e9n se incorporaron al programa \u201cYo si puedo\u201d, a partir del cual aprendieron a leer y a escribir. \u201cCada vez que ten\u00eda que hacer un tr\u00e1mite, ya sea para mi pensi\u00f3n por discapacidad o cualquier otro me daba mucha verg\u00fcenza decir que no sab\u00eda leer y escribir, pero ahora incluso aprend\u00ed a firmar los formularios y documentos\u201d, asegur\u00f3 Sa\u00fal. Por su parte, Juan Enrique recuerda que antes de alfabetizarse \u201cmuchas veces recolectaba cosas que no sab\u00edan que eran por no saber leer\u201d.<\/p>\n<p>Esto da cuenta de que luego del primer contacto con los carreros, tambi\u00e9n se realiza un abordaje integral de las necesidades de su familia. Se les ofrece la posibilidad de participar de distintos cursos y talleres, y de incorporarse a distintos programas de car\u00e1cter social.<\/p>\n<p>Otra de las alternativas que se ofrecieron desde el municipio fue la incorporaci\u00f3n de las familias al trabajo en las huertas municipales. A quienes elijan la agricultura, se les otorga una parcela de tierra, las herramientas, las semillas y el apoyo necesario durante un a\u00f1o hasta que logren obtener ganancias de lo que cultivan.<\/p>\n<p><strong>De una ordenanza al programa Andando<\/strong><\/p>\n<p>El programa Andando, que forma parte de las medidas impulsadas para dar cumplimiento a una ordenanza que busca la erradicaci\u00f3n de la tracci\u00f3n a sangre, es llevado adelante por el Municipio a trav\u00e9s de la Secretar\u00eda de Econom\u00eda Social, pero se articula con el esfuerzo de otras reparticiones. Es as\u00ed que los cursos de capacitaci\u00f3n en oficio se logran a trav\u00e9s de los convenios firmados entre la Secretar\u00eda de Producci\u00f3n con entidades intermedias, sindicatos y otras instituciones; en tanto la Secretar\u00eda de Medio Ambiente y Espacio P\u00fablico es quien convocar\u00e1 a las cooperativas una vez conformadas para realizar los trabajos de mantenimiento urbano y la Secretar\u00eda de Control Urbano, es quien recibe los caballos y se asegura de que no sigan en circulaci\u00f3n. Los carreros al concretar su alternativa laboral hacen entrega de sus caballos, los cuales son atendidos por un veterinario municipal y enviados a espacios verdes para que alcancen su \u201cjubilaci\u00f3n\u201d. Estos sitios surgen de diferentes convenios firmados con campos de ciudades y pueblos de la provincia de Santa Fe, cont\u00e1ndose adem\u00e1s con el apoyo de diversos grupos proteccionistas que aportan familias adoptantes.<\/p>\n<h6>Fuente: La Capital, Rosario<\/h6>\n","protected":false},"excerpt":{"rendered":"<p>Nuevos caminos. A trav\u00e9s del programa Andando m\u00e1s de 800 personas ya no cirujean con sus equinos. Desde el municipio les ofrecen diferentes alternativas.<\/p>\n","protected":false},"author":2,"featured_media":43893,"comment_status":"closed","ping_status":"closed","sticky":false,"template":"","format":"standard","meta":{"footnotes":""},"categories":[2],"tags":[10],"class_list":["post-43892","post","type-post","status-publish","format-standard","has-post-thumbnail","hentry","category-informe-municipal","tag-santa-fe"],"_links":{"self":[{"href":"http:\/\/argentinamunicipal.com.ar\/argentina\/wp-json\/wp\/v2\/posts\/43892","targetHints":{"allow":["GET"]}}],"collection":[{"href":"http:\/\/argentinamunicipal.com.ar\/argentina\/wp-json\/wp\/v2\/posts"}],"about":[{"href":"http:\/\/argentinamunicipal.com.ar\/argentina\/wp-json\/wp\/v2\/types\/post"}],"author":[{"embeddable":true,"href":"http:\/\/argentinamunicipal.com.ar\/argentina\/wp-json\/wp\/v2\/users\/2"}],"replies":[{"embeddable":true,"href":"http:\/\/argentinamunicipal.com.ar\/argentina\/wp-json\/wp\/v2\/comments?post=43892"}],"version-history":[{"count":0,"href":"http:\/\/argentinamunicipal.com.ar\/argentina\/wp-json\/wp\/v2\/posts\/43892\/revisions"}],"wp:featuredmedia":[{"embeddable":true,"href":"http:\/\/argentinamunicipal.com.ar\/argentina\/wp-json\/wp\/v2\/media\/43893"}],"wp:attachment":[{"href":"http:\/\/argentinamunicipal.com.ar\/argentina\/wp-json\/wp\/v2\/media?parent=43892"}],"wp:term":[{"taxonomy":"category","embeddable":true,"href":"http:\/\/argentinamunicipal.com.ar\/argentina\/wp-json\/wp\/v2\/categories?post=43892"},{"taxonomy":"post_tag","embeddable":true,"href":"http:\/\/argentinamunicipal.com.ar\/argentina\/wp-json\/wp\/v2\/tags?post=43892"}],"curies":[{"name":"wp","href":"https:\/\/api.w.org\/{rel}","templated":true}]}}