{"id":43921,"date":"2016-03-02T07:01:51","date_gmt":"2016-03-02T10:01:51","guid":{"rendered":"http:\/\/argentinamunicipal.com.ar\/argentina\/?p=43921"},"modified":"2016-03-02T07:01:51","modified_gmt":"2016-03-02T10:01:51","slug":"aseguran-fondos-la-autovia-cordoba-rio-cuarto%e2%80%88costara-7-000-millones","status":"publish","type":"post","link":"http:\/\/argentinamunicipal.com.ar\/argentina\/aseguran-fondos-la-autovia-cordoba-rio-cuarto%e2%80%88costara-7-000-millones\/","title":{"rendered":"Aseguran que hay fondos para la autov\u00eda C\u00f3rdoba-R\u00edo Cuarto:\u2008costar\u00e1 $ 7.000 millones"},"content":{"rendered":"<p><a href=\"http:\/\/argentinamunicipal.com.ar\/argentina\/wp-content\/uploads\/2016\/03\/autov\u00eda-C\u00f3rdoba-R\u00edo-Cuarto-Foto-Prensa-Gobierno-de-C\u00f3rdoba.jpg\"><img loading=\"lazy\" decoding=\"async\" class=\"aligncenter size-full wp-image-43922\" src=\"http:\/\/argentinamunicipal.com.ar\/argentina\/wp-content\/uploads\/2016\/03\/autov\u00eda-C\u00f3rdoba-R\u00edo-Cuarto-Foto-Prensa-Gobierno-de-C\u00f3rdoba.jpg\" alt=\"autov\u00eda-C\u00f3rdoba-R\u00edo-Cuarto-Foto-Prensa-Gobierno-de-C\u00f3rdoba\" width=\"618\" height=\"307\" srcset=\"http:\/\/argentinamunicipal.com.ar\/argentina\/wp-content\/uploads\/2016\/03\/autov\u00eda-C\u00f3rdoba-R\u00edo-Cuarto-Foto-Prensa-Gobierno-de-C\u00f3rdoba.jpg 618w, http:\/\/argentinamunicipal.com.ar\/argentina\/wp-content\/uploads\/2016\/03\/autov\u00eda-C\u00f3rdoba-R\u00edo-Cuarto-Foto-Prensa-Gobierno-de-C\u00f3rdoba-300x149.jpg 300w\" sizes=\"auto, (max-width: 618px) 100vw, 618px\" \/><\/a><br \/>\nSchiaretti ratific\u00f3 que la obra continuar\u00e1 y se ir\u00e1 inaugurando por tramos. \u201cNo es necesario que lleguen recursos nacionales\u201d, manifest\u00f3. El gobierno delasotista hab\u00eda hecho un c\u00e1lculo de $ 4 mil millones<\/p>\n<p>En su visita mensual a R\u00edo Cuarto, como capital alterna, el gobernador Juan Schiaretti asegur\u00f3 ayer que la Provincia cuenta con los fondos para finalizar la obra de la autov\u00eda a C\u00f3rdoba.<\/p>\n<p>\u201cEs prioridad terminar la autov\u00eda C\u00f3rdoba-R\u00edo Cuarto\u201d, dijo Schiaretti. El costo total de la obra vial ser\u00e1 de $ 7 mil millones.<\/p>\n<p>El gobierno delasotista hab\u00eda hecho un c\u00e1lculo de $ 4 mil millones.<\/p>\n<p>Ayer, luego de realizada la apertura del ciclo lectivo 2016 en la localidad de Suco, el gobernador mantuvo junto a sus ministros la tradicional reuni\u00f3n de gabinete en el Centro C\u00edvico de la ciudad. Posteriormente, ofreci\u00f3 una conferencia de prensa.<\/p>\n<p>\u201cLo primordial en obra p\u00fablica es terminar lo que est\u00e1 en marcha. La prioridad es la autov\u00eda de la ruta 36 que une las dos capitales de la provincia\u201d, remarc\u00f3.<\/p>\n<p>Adem\u00e1s afirm\u00f3 que no s\u00f3lo ya est\u00e1n destinados los recursos que se necesitan para terminar la obra, sino que tambi\u00e9n se cuenta con el seguimiento por parte de las autoridades del Ministerio de Vivienda, Arquitectura y Obras Viales.<\/p>\n<p>Schiaretti estim\u00f3 que el costo final de la obra vial que unir\u00e1 a las dos capitales provinciales ser\u00e1 de\u00a0 $ 7 mil millones.<\/p>\n<p>El gobernador explic\u00f3 que se est\u00e1 trabajando fuerte y a medida que se vayan terminando los tramos se habilitar\u00e1n para agilizar el tr\u00e1nsito, mejorar la circulaci\u00f3n y eliminar los riesgos de accidentes.<\/p>\n<p>\u201cLa obra p\u00fablica prioritaria es la autov\u00eda. Ya est\u00e1n destinados los recursos y habr\u00e1 un seguimiento especial de la obra\u201d, puntualiz\u00f3.<\/p>\n<p>Aunque se\u00f1al\u00f3: \u201cNo me parece prudente poner fecha de terminaci\u00f3n\u201d.<\/p>\n<p>\u201cSe est\u00e1 trabajando y fuerte. Se avanzar\u00e1 por tramos\u201d, afirm\u00f3. Y a\u00f1adi\u00f3: \u201cEl costo final ser\u00e1 de entre 6.500 y 7 mil millones de pesos. El Gobierno nacional ofreci\u00f3 2 mil millones. Sin embargo, no es necesario que lleguen esos aportes para concluir la autov\u00eda\u201d.<\/p>\n<p>Respecto de la situaci\u00f3n nacional, Schiaretti manifest\u00f3 que \u201cel Gobierno nacional est\u00e1 tomando las medidas adecuadas para reducir la inflaci\u00f3n\u201d. Y acot\u00f3: \u201cEs importante el acuerdo con los fondos buitre porque los argentinos pasan a ser sujetos de cr\u00e9dito de un mundo que est\u00e1 dispuesto a prestarle al pa\u00eds\u201d.<\/p>\n<p>\u201cPor eso, les pido a todos los legisladores nacionales que voten r\u00e1pidamente la derogaci\u00f3n de la denominada Ley Cerrojo y del Pago Soberano\u201d, sostuvo el mandatario provincial. Y agreg\u00f3: \u201cEn el caso de C\u00f3rdoba y de toda la Argentina es importante porque nos va a permitir hacer las obras p\u00fablicas que tenemos\u201d.<\/p>\n<p>Consultado sobre el IVA provincial, Schiaretti respondi\u00f3: \u201cEn la \u00faltima reuni\u00f3n de la Regi\u00f3n Centro, los gobernadores de Santa Fe y Entre R\u00edos aceptaron el planteo de C\u00f3rdoba de que hagamos el estudio de ese tema\u201d. Y a\u00f1adi\u00f3: \u201cEl impuesto a los Ingresos Brutos es totalmente distorsivo y se soluciona con un IVA provincial\u201d.<\/p>\n<p>Tambi\u00e9n dijo que \u201cest\u00e1n previstas las obras\u201d para reparar la red secundaria y terciaria de caminos afectadas por las inundaciones.<\/p>\n<p>En otro orden, el gobernador anunci\u00f3 la puesta en marcha, en el predio del ex Hospital Central, de una escuela Proa (Programa Avanzado de Educaci\u00f3n Secundaria en Tecnolog\u00edas de la Informaci\u00f3n y la Comunicaci\u00f3n).<\/p>\n<p><strong>Con Aranguren<\/strong><\/p>\n<p>Finalmente, Schiaretti confirm\u00f3 el encuentro fijado para el 9 del corriente con el ministro de Energ\u00eda y Miner\u00eda de la Naci\u00f3n, Juan Jos\u00e9 Aranguren, con motivo de impulsar la elaboraci\u00f3n de bioetanol, proceso en el cual R\u00edo Cuarto es uno de los principales polos productivos.<\/p>\n<h6>Fuente: Puntal<\/h6>\n","protected":false},"excerpt":{"rendered":"<p>Schiaretti ratific\u00f3 que la obra continuar\u00e1 y se ir\u00e1 inaugurando por tramos. \u201cNo es necesario que lleguen recursos nacionales\u201d, manifest\u00f3. El gobierno delasotista hab\u00eda hecho un c\u00e1lculo de $ 4 mil millones En su visita mensual a R\u00edo Cuarto, como capital alterna, el gobernador Juan Schiaretti asegur\u00f3 ayer que la Provincia cuenta con los fondos<\/p>\n","protected":false},"author":2,"featured_media":43922,"comment_status":"closed","ping_status":"closed","sticky":false,"template":"","format":"standard","meta":{"footnotes":""},"categories":[2],"tags":[3],"class_list":["post-43921","post","type-post","status-publish","format-standard","has-post-thumbnail","hentry","category-informe-municipal","tag-cordoba"],"_links":{"self":[{"href":"http:\/\/argentinamunicipal.com.ar\/argentina\/wp-json\/wp\/v2\/posts\/43921","targetHints":{"allow":["GET"]}}],"collection":[{"href":"http:\/\/argentinamunicipal.com.ar\/argentina\/wp-json\/wp\/v2\/posts"}],"about":[{"href":"http:\/\/argentinamunicipal.com.ar\/argentina\/wp-json\/wp\/v2\/types\/post"}],"author":[{"embeddable":true,"href":"http:\/\/argentinamunicipal.com.ar\/argentina\/wp-json\/wp\/v2\/users\/2"}],"replies":[{"embeddable":true,"href":"http:\/\/argentinamunicipal.com.ar\/argentina\/wp-json\/wp\/v2\/comments?post=43921"}],"version-history":[{"count":0,"href":"http:\/\/argentinamunicipal.com.ar\/argentina\/wp-json\/wp\/v2\/posts\/43921\/revisions"}],"wp:featuredmedia":[{"embeddable":true,"href":"http:\/\/argentinamunicipal.com.ar\/argentina\/wp-json\/wp\/v2\/media\/43922"}],"wp:attachment":[{"href":"http:\/\/argentinamunicipal.com.ar\/argentina\/wp-json\/wp\/v2\/media?parent=43921"}],"wp:term":[{"taxonomy":"category","embeddable":true,"href":"http:\/\/argentinamunicipal.com.ar\/argentina\/wp-json\/wp\/v2\/categories?post=43921"},{"taxonomy":"post_tag","embeddable":true,"href":"http:\/\/argentinamunicipal.com.ar\/argentina\/wp-json\/wp\/v2\/tags?post=43921"}],"curies":[{"name":"wp","href":"https:\/\/api.w.org\/{rel}","templated":true}]}}