{"id":43924,"date":"2016-03-02T07:06:06","date_gmt":"2016-03-02T10:06:06","guid":{"rendered":"http:\/\/argentinamunicipal.com.ar\/argentina\/?p=43924"},"modified":"2016-03-02T07:06:06","modified_gmt":"2016-03-02T10:06:06","slug":"rio-cuarto-capital-agroalimentaria%e2%80%88el-proyecto-se-enviara-45-dias","status":"publish","type":"post","link":"http:\/\/argentinamunicipal.com.ar\/argentina\/rio-cuarto-capital-agroalimentaria%e2%80%88el-proyecto-se-enviara-45-dias\/","title":{"rendered":"R\u00edo Cuarto capital agroalimentaria:\u2008el proyecto se enviar\u00e1 en 45 d\u00edas"},"content":{"rendered":"<p><a href=\"http:\/\/argentinamunicipal.com.ar\/argentina\/wp-content\/uploads\/2016\/03\/plaza-roca.jpg\"><img loading=\"lazy\" decoding=\"async\" class=\"aligncenter size-full wp-image-43925\" src=\"http:\/\/argentinamunicipal.com.ar\/argentina\/wp-content\/uploads\/2016\/03\/plaza-roca.jpg\" alt=\"plaza-roca\" width=\"642\" height=\"366\" srcset=\"http:\/\/argentinamunicipal.com.ar\/argentina\/wp-content\/uploads\/2016\/03\/plaza-roca.jpg 642w, http:\/\/argentinamunicipal.com.ar\/argentina\/wp-content\/uploads\/2016\/03\/plaza-roca-300x171.jpg 300w\" sizes=\"auto, (max-width: 642px) 100vw, 642px\" \/><\/a><br \/>\nEl gobernador dijo que se est\u00e1 ultimando la iniciativa que ir\u00e1 a la Legislatura. La Agencia de Innovaci\u00f3n va a estar radicada en la ciudad. Crear\u00e1n fondos espec\u00edficos para que los municipios hagan obras<\/p>\n<p>El Ejecutivo enviar\u00e1 en 45 d\u00edas a la Legislatura el proyecto de R\u00edo Cuarto capital agroalimentaria, dijo ayer el gobernador Juan Schiaretti, en su visita a la ciudad.<\/p>\n<p>\u201cR\u00edo Cuarto es la capital agroalimentaria de C\u00f3rdoba. Y la Agencia de Innovaci\u00f3n, en torno de la cual estamos ultimando el proyecto de ley junto a los sectores empresariales de C\u00f3rdoba y que va a ir a la Legislatura en los pr\u00f3ximos 45 d\u00edas, va a estar radicada en R\u00edo Cuarto\u201d, manifest\u00f3 el gobernador.<\/p>\n<p>En tanto, Schiaretti tambi\u00e9n se\u00f1al\u00f3 que se crear\u00e1n fondos para que los municipios hagan obras p\u00fablicas.<\/p>\n<p>\u201cLa verdad es que yo no debo comentar declaraciones del Comit\u00e9 (Provincia de la UCR). Mi responsabilidad no es hablar de lo que se dice pol\u00edticamente. Mi responsabilidad es gestionar de manera conjunta con todos los intendentes y jefes comunales que tienen una gran capacidad de ser ejecutores\u201d, afirm\u00f3 el mandatario provincial.<\/p>\n<p>Y a\u00f1adi\u00f3: \u201cYo creo que tenemos que avanzar en el federalismo d\u00e1ndoles m\u00e1s recursos a los intendentes y jefes comunales que son los que est\u00e1n m\u00e1s cerca de la gente y as\u00ed ellos van a poder hacer m\u00e1s r\u00e1pido y de manera m\u00e1s eficiente las cosas\u201d.<\/p>\n<p>\u201cDentro de todo este acuerdo federal que estamos planteando existe un cap\u00edtulo de ofrecimientos que no son obligatorios\u201d, manifest\u00f3. Y acot\u00f3: \u201cPor ejemplo, el mantenimiento de los veh\u00edculos policiales y de las comisar\u00edas y la limpieza de las escuelas\u201d.<\/p>\n<p>En ese sentido, el gobernador expres\u00f3 que los fondos vendr\u00e1n \u201cjunto con la coparticipaci\u00f3n\u201d, esto es por adelantado.<\/p>\n<p>\u201cCon el Paicor es lo mismo. Este programa mueve 2 mil millones de pesos. Tambi\u00e9n en este caso los fondos llegar\u00e1n junto con la coparticipaci\u00f3n\u201d, sostuvo Schiaretti.<\/p>\n<p>Y aclar\u00f3: \u201cPero no abarcar\u00e1 C\u00f3rdoba, R\u00edo Cuarto, Villa Mar\u00eda ni San Francisco. Es para los municipios m\u00e1s peque\u00f1os\u201d.<\/p>\n<p>\u201cAl tema de la descentralizaci\u00f3n me lo han planteado los propios intendentes. Y yo tengo una profunda confianza en ellos\u201d, sostuvo.<\/p>\n<p>M\u00e1s adelante, el mandatario provincial sostuvo que \u201clo que s\u00ed estamos planteando, para trabajar junto a los intendentes, es que en vez de haber tantos fondos para los municipios nos concentremos en aquellos que son m\u00e1s espec\u00edficos y que tienen que ver con necesidades comunes\u201d.<\/p>\n<p>Y ejemplific\u00f3: \u201cUn fondo para hacer cord\u00f3n cuneta, asfalto y alumbrado p\u00fablico. Para ello, pensamos en 300 millones de pesos al a\u00f1o. Junto a esto va el fondo por 90 millones de pesos para poner c\u00e1maras de seguridad\u201d.<\/p>\n<p>\u201c\u00bfCon qu\u00e9 criterio vamos a distribuir este fondo? Con uno muy simple: el \u00edndice de coparticipaci\u00f3n federal as\u00ed no hay hijos ni entenados. Tambi\u00e9n con el criterio con el que se cobre el pavimento\u201d, indic\u00f3. Y agreg\u00f3: \u201cEste fondo va a ser administrado por la Mesa Provincia-Municipios para que todos tengamos en claro que es transparente\u201d.<\/p>\n<p>\u201cLo mismo con otro fondo que estamos dispuestos a crear que es para que se hagan obras de agua, cloacas y gas\u201d, se\u00f1al\u00f3 el gobernador en el Centro C\u00edvico.<\/p>\n<h6>Fuente: Puntal<\/h6>\n","protected":false},"excerpt":{"rendered":"<p>El gobernador dijo que se est\u00e1 ultimando la iniciativa que ir\u00e1 a la Legislatura. La Agencia de Innovaci\u00f3n va a estar radicada en la ciudad. Crear\u00e1n fondos espec\u00edficos para que los municipios hagan obras El Ejecutivo enviar\u00e1 en 45 d\u00edas a la Legislatura el proyecto de R\u00edo Cuarto capital agroalimentaria, dijo ayer el gobernador Juan<\/p>\n","protected":false},"author":2,"featured_media":43925,"comment_status":"closed","ping_status":"closed","sticky":false,"template":"","format":"standard","meta":{"footnotes":""},"categories":[2],"tags":[3],"class_list":["post-43924","post","type-post","status-publish","format-standard","has-post-thumbnail","hentry","category-informe-municipal","tag-cordoba"],"_links":{"self":[{"href":"http:\/\/argentinamunicipal.com.ar\/argentina\/wp-json\/wp\/v2\/posts\/43924","targetHints":{"allow":["GET"]}}],"collection":[{"href":"http:\/\/argentinamunicipal.com.ar\/argentina\/wp-json\/wp\/v2\/posts"}],"about":[{"href":"http:\/\/argentinamunicipal.com.ar\/argentina\/wp-json\/wp\/v2\/types\/post"}],"author":[{"embeddable":true,"href":"http:\/\/argentinamunicipal.com.ar\/argentina\/wp-json\/wp\/v2\/users\/2"}],"replies":[{"embeddable":true,"href":"http:\/\/argentinamunicipal.com.ar\/argentina\/wp-json\/wp\/v2\/comments?post=43924"}],"version-history":[{"count":0,"href":"http:\/\/argentinamunicipal.com.ar\/argentina\/wp-json\/wp\/v2\/posts\/43924\/revisions"}],"wp:featuredmedia":[{"embeddable":true,"href":"http:\/\/argentinamunicipal.com.ar\/argentina\/wp-json\/wp\/v2\/media\/43925"}],"wp:attachment":[{"href":"http:\/\/argentinamunicipal.com.ar\/argentina\/wp-json\/wp\/v2\/media?parent=43924"}],"wp:term":[{"taxonomy":"category","embeddable":true,"href":"http:\/\/argentinamunicipal.com.ar\/argentina\/wp-json\/wp\/v2\/categories?post=43924"},{"taxonomy":"post_tag","embeddable":true,"href":"http:\/\/argentinamunicipal.com.ar\/argentina\/wp-json\/wp\/v2\/tags?post=43924"}],"curies":[{"name":"wp","href":"https:\/\/api.w.org\/{rel}","templated":true}]}}