{"id":43933,"date":"2016-03-02T06:29:56","date_gmt":"2016-03-02T09:29:56","guid":{"rendered":"http:\/\/argentinamunicipal.com.ar\/argentina\/?p=43933"},"modified":"2016-03-02T07:31:59","modified_gmt":"2016-03-02T10:31:59","slug":"entregaron-16-nuevas-viviendas-san-jose","status":"publish","type":"post","link":"http:\/\/argentinamunicipal.com.ar\/argentina\/entregaron-16-nuevas-viviendas-san-jose\/","title":{"rendered":"Entregaron 16 nuevas viviendas en San Jos\u00e9"},"content":{"rendered":"<p><a href=\"http:\/\/argentinamunicipal.com.ar\/argentina\/wp-content\/uploads\/2016\/03\/o_1456826805.jpg\"><img loading=\"lazy\" decoding=\"async\" class=\"aligncenter  wp-image-43934\" src=\"http:\/\/argentinamunicipal.com.ar\/argentina\/wp-content\/uploads\/2016\/03\/o_1456826805.jpg\" alt=\"o_1456826805\" width=\"684\" height=\"385\" srcset=\"http:\/\/argentinamunicipal.com.ar\/argentina\/wp-content\/uploads\/2016\/03\/o_1456826805.jpg 800w, http:\/\/argentinamunicipal.com.ar\/argentina\/wp-content\/uploads\/2016\/03\/o_1456826805-300x169.jpg 300w, http:\/\/argentinamunicipal.com.ar\/argentina\/wp-content\/uploads\/2016\/03\/o_1456826805-768x432.jpg 768w\" sizes=\"auto, (max-width: 684px) 100vw, 684px\" \/><\/a><br \/>\n\u00abEs un sue\u00f1o cumplido el de tener el techo propio para albergar a las familias pero tambi\u00e9n para poder albergar los sue\u00f1os de esperanza, de progreso y de futuro\u00bb, dijo el gobernador Bordet en el acto de entrega.<\/p>\n<p>Tras felicitar a las 16 flamantes propietarios que recibieron su vivienda, Bordet, acompa\u00f1ado por la intendenta local, Irma Monjo, asegur\u00f3 que \u00abes un sue\u00f1o cumplido el de tener el techo propio para albergar a las familias pero tambi\u00e9n para poder albergar los sue\u00f1os de esperanza, de progreso y de futuro\u00bb.<\/p>\n<p>El gobernador dijo que la vista a la ciudad de San Jos\u00e9, departamento Col\u00f3n, tuvo como finalidad no solo entregar estas casas, comprendidas en el Plan Federal Techo Digno, sino tambi\u00e9n transmitir el compromiso de terminar otros programas habitacionales como las 100 viviendas que se construyen cerca de la localidad de El Brillante, perteneciente al Sindicato de la Carne, y las 14 acordadas en paritarias de docentes para Agmer.<\/p>\n<p>Resalt\u00f3 la gran cantidad de viviendas concretadas en los \u00faltimos a\u00f1os en Entre R\u00edos y asegur\u00f3 que la obligaci\u00f3n de su gobierno es \u00abseguir por este camino\u00bb.<\/p>\n<p>Indic\u00f3 que para lograr esto es necesario \u00abtrabajar entre todos, buscando grandes acuerdos y grandes consensos junto con el gobierno nacional y los gobiernos locales\u00bb.<\/p>\n<p>\u00abSe pueden tener a veces distintas visiones, pero lo que nunca se debe perder es el acuerdo para encontrar el entendimiento en las grandes cosas y llevar soluciones definitivas a nuestra gente\u00bb, remarc\u00f3 el mandatario.<\/p>\n<p>Se\u00f1al\u00f3 que entre esas grandes cosas se encuentran las pol\u00edticas de viviendas, y expuso \u00abla alegr\u00eda que tenemos hoy por este acto, pero tambi\u00e9n el desaf\u00edo que tenemos para el futuro de seguir haciendo m\u00e1s viviendas y m\u00e1s obras\u00bb.<\/p>\n<p>En el acto tambi\u00e9n estuvieron el senador nacional por Cambiemos Marcelo Monfort; el senador provincial del FpV, Pablo Canali; y los ministros de Planeamiento, Infraestructura y Servicios, Luis Benedetto; de Gobierno, Mauro Urribarri; de Producci\u00f3n, Carlos Schepens; y el titular del IAPV, Alfredo Francolini, entre otras autoridades.<\/p>\n<p>Durante la ceremonia el mandatario tambi\u00e9n entreg\u00f3 \u00f3rdenes de pago para obras en el muelle de Pueblo Liebig; y para la Asociaci\u00f3n de Amigos del Molino Forclaz.<\/p>\n<p>Bordet visit\u00f3 m\u00e1s tarde la Escuela N\u00ba 30 de educaci\u00f3n integral, donde se concret\u00f3 en la fecha el acto oficial de inauguraci\u00f3n del ciclo lectivo de esta ciudad. All\u00ed recorri\u00f3 las flamantes instalaciones del edificio recientemente inaugurado junto a la directora del establecimiento y dialog\u00f3 con los docentes.<\/p>\n<h6>Fuente: El Once<\/h6>\n","protected":false},"excerpt":{"rendered":"<p>\u00abEs un sue\u00f1o cumplido el de tener el techo propio para albergar a las familias pero tambi\u00e9n para poder albergar los sue\u00f1os de esperanza, de progreso y de futuro\u00bb, dijo el gobernador Bordet en el acto de entrega. Tras felicitar a las 16 flamantes propietarios que recibieron su vivienda, Bordet, acompa\u00f1ado por la intendenta local,<\/p>\n","protected":false},"author":2,"featured_media":43934,"comment_status":"closed","ping_status":"closed","sticky":false,"template":"","format":"standard","meta":{"footnotes":""},"categories":[2],"tags":[17],"class_list":["post-43933","post","type-post","status-publish","format-standard","has-post-thumbnail","hentry","category-informe-municipal","tag-entre-rios"],"_links":{"self":[{"href":"http:\/\/argentinamunicipal.com.ar\/argentina\/wp-json\/wp\/v2\/posts\/43933","targetHints":{"allow":["GET"]}}],"collection":[{"href":"http:\/\/argentinamunicipal.com.ar\/argentina\/wp-json\/wp\/v2\/posts"}],"about":[{"href":"http:\/\/argentinamunicipal.com.ar\/argentina\/wp-json\/wp\/v2\/types\/post"}],"author":[{"embeddable":true,"href":"http:\/\/argentinamunicipal.com.ar\/argentina\/wp-json\/wp\/v2\/users\/2"}],"replies":[{"embeddable":true,"href":"http:\/\/argentinamunicipal.com.ar\/argentina\/wp-json\/wp\/v2\/comments?post=43933"}],"version-history":[{"count":0,"href":"http:\/\/argentinamunicipal.com.ar\/argentina\/wp-json\/wp\/v2\/posts\/43933\/revisions"}],"wp:featuredmedia":[{"embeddable":true,"href":"http:\/\/argentinamunicipal.com.ar\/argentina\/wp-json\/wp\/v2\/media\/43934"}],"wp:attachment":[{"href":"http:\/\/argentinamunicipal.com.ar\/argentina\/wp-json\/wp\/v2\/media?parent=43933"}],"wp:term":[{"taxonomy":"category","embeddable":true,"href":"http:\/\/argentinamunicipal.com.ar\/argentina\/wp-json\/wp\/v2\/categories?post=43933"},{"taxonomy":"post_tag","embeddable":true,"href":"http:\/\/argentinamunicipal.com.ar\/argentina\/wp-json\/wp\/v2\/tags?post=43933"}],"curies":[{"name":"wp","href":"https:\/\/api.w.org\/{rel}","templated":true}]}}