{"id":43946,"date":"2016-03-02T07:58:56","date_gmt":"2016-03-02T10:58:56","guid":{"rendered":"http:\/\/argentinamunicipal.com.ar\/argentina\/?p=43946"},"modified":"2016-03-02T07:58:56","modified_gmt":"2016-03-02T10:58:56","slug":"lo-primero-no-la-salud","status":"publish","type":"post","link":"http:\/\/argentinamunicipal.com.ar\/argentina\/lo-primero-no-la-salud\/","title":{"rendered":"Lo primero no es la salud"},"content":{"rendered":"<p><a href=\"http:\/\/argentinamunicipal.com.ar\/argentina\/wp-content\/uploads\/2016\/03\/45-740x450.jpg\"><img loading=\"lazy\" decoding=\"async\" class=\"aligncenter  wp-image-43947\" src=\"http:\/\/argentinamunicipal.com.ar\/argentina\/wp-content\/uploads\/2016\/03\/45-740x450.jpg\" alt=\"45-740x450\" width=\"686\" height=\"417\" srcset=\"http:\/\/argentinamunicipal.com.ar\/argentina\/wp-content\/uploads\/2016\/03\/45-740x450.jpg 740w, http:\/\/argentinamunicipal.com.ar\/argentina\/wp-content\/uploads\/2016\/03\/45-740x450-300x182.jpg 300w\" sizes=\"auto, (max-width: 686px) 100vw, 686px\" \/><\/a><br \/>\nEl Ministerio de Salud anul\u00f3 convenios con universidades a trav\u00e9s de los cuales m\u00e1s de mil profesionales brindaban servicios de atenci\u00f3n primaria en todo el pa\u00eds, principalmente en zonas vulnerables y en situaciones de emergencia como inundaciones y epidemias.<\/p>\n<p>Trabajadores del Ministerio de Salud de la Naci\u00f3n denunciaron nuevos despidos y la paralizaci\u00f3n de programas de atenci\u00f3n primaria, todo en medio de la emergencia sanitaria declarada por la Organizaci\u00f3n Mundial de la Salud (OMS). \u201cEstamos en una situaci\u00f3n muy cr\u00edtica a nivel regional y nacional por el dengue y el zika, y el ministerio tiene 40 camiones sanitarios y m\u00e1s de 20 camionetas para este tipo de situaciones que est\u00e1n parados\u201d, sostuvo a P\u00e1gina\/12 H\u00e9ctor Carrica, delegado de la Asociaci\u00f3n de Trabajadores del Estado (ATE). Adem\u00e1s, el dirigente cont\u00f3 que los \u00faltimos empleados desvinculados fueron despedidos por el director del \u00e1rea de salud mental, Andrew Blake, que asumi\u00f3 hace dos meses pero todav\u00eda no fue designado. \u201cEsta persona ejerci\u00f3 mucho maltrato laboral con nuestros compa\u00f1eros, adem\u00e1s de violar dos art\u00edculos de la legislaci\u00f3n penal\u201d, agreg\u00f3 Carrica. Los programas de atenci\u00f3n sanitaria que dejaron de funcionar hab\u00edan llevado adelante el a\u00f1o pasado 270 operativos en 42 municipios, donde atendieron a 64.700 personas, en zonas vulnerables y situaciones de emergencia como inundaciones y epidemias.<\/p>\n<p>El lunes pasado, 1300 trabajadores del Ministerio de Salud perdieron sus puestos de trabajo al caducar los convenios por universidad que no fueron renovados por la actual gesti\u00f3n. Estos despidos significan el desmantelamiento de \u00e1reas que se encargan del abordaje territorial y que se encuentran sin funciones desde diciembre, como la Direcci\u00f3n Nacional de Salud Mental y Adicciones, los programas de Organizaci\u00f3n Comunitaria, Cuidarse en Salud, Promoci\u00f3n Comunitaria en Salud, y la Direcci\u00f3n Nacional de Salud Bucodental, entre otros. Por ese motivo y para exigir al titular de la cartera que garantice la permanencia de los puestos de trabajo, los trabajadores realizaron el lunes una \u201cpermanencia pac\u00edfica\u201d en la sede del Ministerio. La protesta fue levantada cuando el ministro mostr\u00f3 una nota elevada al jefe de Gabinete, Marcos Pe\u00f1a, para solicitar que se renueven esos contratos. \u201cPor supuesto que a nosotros esto no nos da ninguna seguridad, por lo que seguimos movilizados por esos compa\u00f1eros y por los 113 despidos que ya se hicieron efectivos\u201d, dijo Carrica. Adem\u00e1s, el dirigente sindical relat\u00f3 que mientras se realizaba la \u201cpermanencia\u201d, el todav\u00eda por designar director Blake despidi\u00f3 a m\u00e1s de 40 trabajadores, por lo que adelant\u00f3 que ATE lo denunciar\u00e1 penalmente.<\/p>\n<p>Una de las \u00e1reas m\u00e1s afectadas es la Direcci\u00f3n Nacional de Maternidad e Infancia, dedicada a atender a mujeres embarazadas y reci\u00e9n nacidos para prevenir enfermedades y combatir la mortalidad infantil. Tambi\u00e9n fue afectado el Programa Nacional de Salud Sexual y Procreaci\u00f3n Responsable. \u201cEllos dicen que como son antiabortistas, la cuesti\u00f3n de la educaci\u00f3n sexual no les compete. Cuando asumi\u00f3 el ministro Jorge Lemus hab\u00eda much\u00edsimos materiales editados para trabajar en escuelas y su gesti\u00f3n fren\u00f3 la distribuci\u00f3n\u201d, manifest\u00f3 Carrica, quien consider\u00f3 \u201cun error grav\u00edsimo\u201d llevar adelante \u201cuna pol\u00edtica de despidos en el marco de una emergencia sanitaria de esta magnitud\u201d.<\/p>\n<p>La dirigente de ATE Graciela R\u00edos, por su parte, destac\u00f3 con preocupaci\u00f3n \u201clos valiosos recursos que se desperdician con esta par\u00e1lisis\u201d del organismo. \u201cTodos los profesionales, t\u00e9cnicos y empleados fueron capacitados por el Estado y hoy no pueden trabajar\u201d, ampli\u00f3 R\u00edos, que adem\u00e1s cont\u00f3 que \u201cpor lo menos 500 vacunas ya se perdieron por no ser aplicadas\u201d. La referente tambi\u00e9n resalt\u00f3 que los programas que dejaron de funcionar, en 2015, permitieron aplicar 13.000 dosis de vacunas, entregar 7000 pares de anteojos, realizar 1525 estudios de im\u00e1genes y brindar talleres de promoci\u00f3n y prevenci\u00f3n a 12.000 personas de todos el pa\u00eds. \u201cAdem\u00e1s se trabajaba de manera permanente en la villa 1-11-14, la 21-24, el barrio Zavaleta, entre muchas otras zonas que era necesario reforzar la atenci\u00f3n\u201d, agreg\u00f3.<\/p>\n<p>Tanto R\u00edos como Carrica coincidieron en se\u00f1alar que la nueva gesti\u00f3n manifest\u00f3 que el ministerio dejar\u00e1 de brindar asistencia sanitaria, para pasar a cumplir \u201cexclusivamente funciones rectoras\u201d. \u201cLa situaci\u00f3n es dram\u00e1tica porque por un lado, tenemos compa\u00f1eros que se quedan sin trabajo, y por el otro familias que se quedan sin un servicio imprescindible\u201d, concluy\u00f3 Carrica.<\/p>\n<h6>Fuente: P\u00e1gina 12<\/h6>\n","protected":false},"excerpt":{"rendered":"<p>El Ministerio de Salud anul\u00f3 convenios con universidades a trav\u00e9s de los cuales m\u00e1s de mil profesionales brindaban servicios de atenci\u00f3n primaria en todo el pa\u00eds, principalmente en zonas vulnerables y en situaciones de emergencia como inundaciones y epidemias. Trabajadores del Ministerio de Salud de la Naci\u00f3n denunciaron nuevos despidos y la paralizaci\u00f3n de programas<\/p>\n","protected":false},"author":2,"featured_media":43947,"comment_status":"closed","ping_status":"closed","sticky":false,"template":"","format":"standard","meta":{"footnotes":""},"categories":[8],"tags":[21],"class_list":["post-43946","post","type-post","status-publish","format-standard","has-post-thumbnail","hentry","category-informe-nacional","tag-argentina"],"_links":{"self":[{"href":"http:\/\/argentinamunicipal.com.ar\/argentina\/wp-json\/wp\/v2\/posts\/43946","targetHints":{"allow":["GET"]}}],"collection":[{"href":"http:\/\/argentinamunicipal.com.ar\/argentina\/wp-json\/wp\/v2\/posts"}],"about":[{"href":"http:\/\/argentinamunicipal.com.ar\/argentina\/wp-json\/wp\/v2\/types\/post"}],"author":[{"embeddable":true,"href":"http:\/\/argentinamunicipal.com.ar\/argentina\/wp-json\/wp\/v2\/users\/2"}],"replies":[{"embeddable":true,"href":"http:\/\/argentinamunicipal.com.ar\/argentina\/wp-json\/wp\/v2\/comments?post=43946"}],"version-history":[{"count":0,"href":"http:\/\/argentinamunicipal.com.ar\/argentina\/wp-json\/wp\/v2\/posts\/43946\/revisions"}],"wp:featuredmedia":[{"embeddable":true,"href":"http:\/\/argentinamunicipal.com.ar\/argentina\/wp-json\/wp\/v2\/media\/43947"}],"wp:attachment":[{"href":"http:\/\/argentinamunicipal.com.ar\/argentina\/wp-json\/wp\/v2\/media?parent=43946"}],"wp:term":[{"taxonomy":"category","embeddable":true,"href":"http:\/\/argentinamunicipal.com.ar\/argentina\/wp-json\/wp\/v2\/categories?post=43946"},{"taxonomy":"post_tag","embeddable":true,"href":"http:\/\/argentinamunicipal.com.ar\/argentina\/wp-json\/wp\/v2\/tags?post=43946"}],"curies":[{"name":"wp","href":"https:\/\/api.w.org\/{rel}","templated":true}]}}