{"id":43951,"date":"2016-03-02T08:20:38","date_gmt":"2016-03-02T11:20:38","guid":{"rendered":"http:\/\/argentinamunicipal.com.ar\/argentina\/?p=43951"},"modified":"2016-03-07T08:19:56","modified_gmt":"2016-03-07T11:19:56","slug":"mar-del-plata-buscan-promover-ordenanza-los-techos-terrazas-paredes-verdes","status":"publish","type":"post","link":"http:\/\/argentinamunicipal.com.ar\/argentina\/mar-del-plata-buscan-promover-ordenanza-los-techos-terrazas-paredes-verdes\/","title":{"rendered":"Mar del Plata: Buscan promover por ordenanza los techos, terrazas y paredes \u201cverdes\u201d"},"content":{"rendered":"<p><a href=\"http:\/\/argentinamunicipal.com.ar\/argentina\/wp-content\/uploads\/2016\/03\/416167963_77f456b0aa_b.jpg\"><img loading=\"lazy\" decoding=\"async\" class=\"aligncenter  wp-image-43952\" src=\"http:\/\/argentinamunicipal.com.ar\/argentina\/wp-content\/uploads\/2016\/03\/416167963_77f456b0aa_b.jpg\" alt=\"416167963_77f456b0aa_b\" width=\"653\" height=\"490\" srcset=\"http:\/\/argentinamunicipal.com.ar\/argentina\/wp-content\/uploads\/2016\/03\/416167963_77f456b0aa_b.jpg 1024w, http:\/\/argentinamunicipal.com.ar\/argentina\/wp-content\/uploads\/2016\/03\/416167963_77f456b0aa_b-300x225.jpg 300w, http:\/\/argentinamunicipal.com.ar\/argentina\/wp-content\/uploads\/2016\/03\/416167963_77f456b0aa_b-768x576.jpg 768w\" sizes=\"auto, (max-width: 653px) 100vw, 653px\" \/><\/a><br \/>\nTiene por objeto fomentar la construcci\u00f3n de este tipo de estructuras en diferentes tipos de edificios. Por los beneficios medioambientales, se prev\u00e9n reducciones impositivas.<\/p>\n<p>El concejal del bloque Radical Luis Rech, present\u00f3 un proyecto que prev\u00e9 promover el acondicionamiento de la cubierta de inmuebles (techo o azotea) de manera que sea posible la instalaci\u00f3n de un peque\u00f1o jard\u00edn en ella.<\/p>\n<p>El proyecto, consiste en colocar una capa de tierra, as\u00ed como otros elementos de riego y de protecci\u00f3n f\u00edsica de la cubierta, para permitir el cultivo de plantas. \u201cEntre las utilidades que proporcionan podemos se\u00f1alar la reducci\u00f3n del calentamiento en las urbes, la retenci\u00f3n del flujo del agua de lluvia, la disminuci\u00f3n del consumo de energ\u00eda al actuar como termorreguladores, la mejora en la calidad del aire y el aislamiento ac\u00fastico entre otras\u201d, se\u00f1al\u00f3 el autor de la iniciativa.<\/p>\n<p>Adem\u00e1s describi\u00f3 el impacto que tendr\u00e1 en la ciudad, declarando que \u201clo que se hace con ello es modificar lo que podr\u00edamos calificar como \u2018la piel de la ciudad\u2019 transform\u00e1ndola de una superficie dura, artificial y est\u00e9ril a otra natural y llena de vida\u201d.<\/p>\n<p>Rech refiri\u00f3 que \u201ceste proyecto contempla un r\u00e9gimen de promoci\u00f3n tributaria para los iniciadores que en proyectos de construcci\u00f3n de edificios y viviendas incorporen los techos, terrazas y paredes verdes, jardines verticales, en los mismos\u201d.<\/p>\n<p>Por otra parte, debido a la emergencia econ\u00f3mica en que se encuentra la Municipalidad de General Pueyrredon, Rech manifest\u00f3 que \u201cresulta improcedente impulsar moment\u00e1neamente exenciones o quitas de tributo. Es por ello que luego de que pasen 180 d\u00edas de la emergencia, deber\u00e1 elaborarse el pertinente r\u00e9gimen de incentivos econ\u00f3micos para aquellos que llevan adelante el programa de techos verdes\u201d.<\/p>\n<p>Para concluir, Rech expres\u00f3 que \u201cse llevar\u00e1 a cabo una jornada de trabajo en el Honorable Concejo Deliberante a la cual ser\u00e1n convocados funcionarios pertinentes de las \u00e1reas del ejecutivo, concejales, la Facultad de Arquitectura y Urbanismo, ONG, c\u00e1maras de la construcci\u00f3n y todos aquellos que tengan inter\u00e9s en el tema, de manera tal que se puedan reunir elementos para la elaboraci\u00f3n final del programa con respecto a las caracter\u00edsticas t\u00e9cnicas que se deber\u00e1n observar en la construcci\u00f3n de los techos verdes as\u00ed como de los incentivos fiscales\u201d.<\/p>\n<p><strong>Metodolog\u00edas<\/strong><\/p>\n<p>El INTA, a trav\u00e9s de su Instituto de Floricultura, se ocupa desde hace varios a\u00f1os de la investigaci\u00f3n y desarrollo de saberes sobre los denominados \u201ctechos verdes\u201d y tambi\u00e9n \u201ccuadros verdes\u201d o \u201cparedes verticales\u201d, destacando su valor en el tr\u00e1nsito hacia \u201cciudades resilientes\u201d.<\/p>\n<p>Entre los materiales que se pueden consultar, gratuitamente (en la p\u00e1gina www.inta.gob.ar) se encuentran el instructivo \u201cC\u00f3mo armar un techo verde en 7 pasos\u201d y el libro en PDF \u201cCat\u00e1logo de plantas para techos verdes\u201d, en el que se presentan las especies m\u00e1s estudiadas en el Instituto de Floricultura para su uso en Techos Verdes con sus caracter\u00edsticas m\u00e1s relevantes.<\/p>\n<h6>Fuente: La Capital, Mar del Plata<\/h6>\n","protected":false},"excerpt":{"rendered":"<p>Tiene por objeto fomentar la construcci\u00f3n de este tipo de estructuras en diferentes tipos de edificios. Por los beneficios medioambientales, se prev\u00e9n reducciones impositivas.<\/p>\n","protected":false},"author":2,"featured_media":43952,"comment_status":"closed","ping_status":"closed","sticky":false,"template":"","format":"standard","meta":{"footnotes":""},"categories":[2],"tags":[12],"class_list":["post-43951","post","type-post","status-publish","format-standard","has-post-thumbnail","hentry","category-informe-municipal","tag-buenos-aires"],"_links":{"self":[{"href":"http:\/\/argentinamunicipal.com.ar\/argentina\/wp-json\/wp\/v2\/posts\/43951","targetHints":{"allow":["GET"]}}],"collection":[{"href":"http:\/\/argentinamunicipal.com.ar\/argentina\/wp-json\/wp\/v2\/posts"}],"about":[{"href":"http:\/\/argentinamunicipal.com.ar\/argentina\/wp-json\/wp\/v2\/types\/post"}],"author":[{"embeddable":true,"href":"http:\/\/argentinamunicipal.com.ar\/argentina\/wp-json\/wp\/v2\/users\/2"}],"replies":[{"embeddable":true,"href":"http:\/\/argentinamunicipal.com.ar\/argentina\/wp-json\/wp\/v2\/comments?post=43951"}],"version-history":[{"count":0,"href":"http:\/\/argentinamunicipal.com.ar\/argentina\/wp-json\/wp\/v2\/posts\/43951\/revisions"}],"wp:featuredmedia":[{"embeddable":true,"href":"http:\/\/argentinamunicipal.com.ar\/argentina\/wp-json\/wp\/v2\/media\/43952"}],"wp:attachment":[{"href":"http:\/\/argentinamunicipal.com.ar\/argentina\/wp-json\/wp\/v2\/media?parent=43951"}],"wp:term":[{"taxonomy":"category","embeddable":true,"href":"http:\/\/argentinamunicipal.com.ar\/argentina\/wp-json\/wp\/v2\/categories?post=43951"},{"taxonomy":"post_tag","embeddable":true,"href":"http:\/\/argentinamunicipal.com.ar\/argentina\/wp-json\/wp\/v2\/tags?post=43951"}],"curies":[{"name":"wp","href":"https:\/\/api.w.org\/{rel}","templated":true}]}}