{"id":43968,"date":"2016-03-02T21:24:47","date_gmt":"2016-03-03T00:24:47","guid":{"rendered":"http:\/\/argentinamunicipal.com.ar\/argentina\/?p=43968"},"modified":"2016-03-02T21:24:47","modified_gmt":"2016-03-03T00:24:47","slug":"puente-santo-tome-santa-fe-reunion-vialidad-nacional","status":"publish","type":"post","link":"http:\/\/argentinamunicipal.com.ar\/argentina\/puente-santo-tome-santa-fe-reunion-vialidad-nacional\/","title":{"rendered":"Puente Santo Tom\u00e9 &#8211; Santa Fe: reuni\u00f3n en Vialidad Nacional"},"content":{"rendered":"<p><a href=\"http:\/\/argentinamunicipal.com.ar\/argentina\/wp-content\/uploads\/2016\/03\/00puentesantafesantotome-250315.jpg\"><img loading=\"lazy\" decoding=\"async\" class=\"aligncenter  wp-image-43969\" src=\"http:\/\/argentinamunicipal.com.ar\/argentina\/wp-content\/uploads\/2016\/03\/00puentesantafesantotome-250315.jpg\" alt=\"00puentesantafesantotome-250315\" width=\"613\" height=\"345\" srcset=\"http:\/\/argentinamunicipal.com.ar\/argentina\/wp-content\/uploads\/2016\/03\/00puentesantafesantotome-250315.jpg 1920w, http:\/\/argentinamunicipal.com.ar\/argentina\/wp-content\/uploads\/2016\/03\/00puentesantafesantotome-250315-300x169.jpg 300w, http:\/\/argentinamunicipal.com.ar\/argentina\/wp-content\/uploads\/2016\/03\/00puentesantafesantotome-250315-768x432.jpg 768w, http:\/\/argentinamunicipal.com.ar\/argentina\/wp-content\/uploads\/2016\/03\/00puentesantafesantotome-250315-1024x576.jpg 1024w\" sizes=\"auto, (max-width: 613px) 100vw, 613px\" \/><\/a><br \/>\n\u00abNos aseguraron que el nuevo puente est\u00e1 incluido en el plan vial del gobierno nacional\u00bb dijo la intendente de la ciudad, Daniela Q\u00fcesta, luego de participar de una reuni\u00f3n en la sede de la Direcci\u00f3n Nacional de Vialidad (DNV) en Buenos Aires.<\/p>\n<p>La actividad cont\u00f3 con la participaci\u00f3n del coordinador general de Relaciones Institucionales, Comunicaciones y Distritos de la DNV, Lic. Lucas Logaldo; el diputado nacional Hugo Marcucci y la secretaria de Obras y Servicios P\u00fablicos del municipio, Mariana Albornoz.<\/p>\n<p>\u00abEl objetivo del encuentro fue conocer de primera mano los avances del proyecto, adem\u00e1s de poner en la agenda de la nueva administraci\u00f3n nacional la necesidad de iniciar esta obra que ya lleva 8 a\u00f1os de gesti\u00f3n e inversi\u00f3n\u00bb, explic\u00f3 Q\u00fcesta.<\/p>\n<p>Al respecto, la mandataria se manifest\u00f3 \u00abaliviada\u00bb porque \u00abnos dijeron que la obra est\u00e1 incluida dentro de un plan vial del Estado Nacional y que existe un inter\u00e9s concreto por ejecutarla durante los pr\u00f3ximos cuatro a\u00f1os\u00bb.<\/p>\n<p>\u00abM\u00e1s all\u00e1 de esto vamos a seguir pendientes y gestionando para la concreci\u00f3n de esta conexi\u00f3n vial que no es de Santo Tom\u00e9 ni para Santo Tom\u00e9, sino que tiene que ver con el desarrollo de la regi\u00f3n y de todo el corredor bioce\u00e1nico del cual somos parte\u00bb, complet\u00f3.<\/p>\n<p>Por su parte, el diputado nacional Hugo Marcucci subray\u00f3 que \u00abquer\u00edamos tener una reuni\u00f3n a nivel de Vialidad Nacional, en Buenos Aires, para llevarnos una referencia de cu\u00e1l es el conocimiento del tema que tienen las nuevas autoridades, y de c\u00f3mo est\u00e1 planteado el proyecto en el marco de las obras previstas para la provincia de Santa Fe\u00bb.<\/p>\n<p>\u00abPor supuesto vamos a seguir insistiendo en pr\u00f3ximas reuniones sobre los aspectos t\u00e9cnicos, pero nos parece importante que sigamos avanzando y, en particular, que trabajemos para que esta obra est\u00e9 en la agenda del Gobierno Nacional ya que es prioritaria para todos los que vivimos en esta regi\u00f3n\u00bb, concluy\u00f3.<\/p>\n<h6>Fuente: Sin Mordaza<\/h6>\n","protected":false},"excerpt":{"rendered":"<p>\u00abNos aseguraron que el nuevo puente est\u00e1 incluido en el plan vial del gobierno nacional\u00bb dijo la intendente de la ciudad, Daniela Q\u00fcesta, luego de participar de una reuni\u00f3n en la sede de la Direcci\u00f3n Nacional de Vialidad (DNV) en Buenos Aires. La actividad cont\u00f3 con la participaci\u00f3n del coordinador general de Relaciones Institucionales, Comunicaciones<\/p>\n","protected":false},"author":2,"featured_media":43969,"comment_status":"closed","ping_status":"closed","sticky":false,"template":"","format":"standard","meta":{"footnotes":""},"categories":[2],"tags":[10],"class_list":["post-43968","post","type-post","status-publish","format-standard","has-post-thumbnail","hentry","category-informe-municipal","tag-santa-fe"],"_links":{"self":[{"href":"http:\/\/argentinamunicipal.com.ar\/argentina\/wp-json\/wp\/v2\/posts\/43968","targetHints":{"allow":["GET"]}}],"collection":[{"href":"http:\/\/argentinamunicipal.com.ar\/argentina\/wp-json\/wp\/v2\/posts"}],"about":[{"href":"http:\/\/argentinamunicipal.com.ar\/argentina\/wp-json\/wp\/v2\/types\/post"}],"author":[{"embeddable":true,"href":"http:\/\/argentinamunicipal.com.ar\/argentina\/wp-json\/wp\/v2\/users\/2"}],"replies":[{"embeddable":true,"href":"http:\/\/argentinamunicipal.com.ar\/argentina\/wp-json\/wp\/v2\/comments?post=43968"}],"version-history":[{"count":0,"href":"http:\/\/argentinamunicipal.com.ar\/argentina\/wp-json\/wp\/v2\/posts\/43968\/revisions"}],"wp:featuredmedia":[{"embeddable":true,"href":"http:\/\/argentinamunicipal.com.ar\/argentina\/wp-json\/wp\/v2\/media\/43969"}],"wp:attachment":[{"href":"http:\/\/argentinamunicipal.com.ar\/argentina\/wp-json\/wp\/v2\/media?parent=43968"}],"wp:term":[{"taxonomy":"category","embeddable":true,"href":"http:\/\/argentinamunicipal.com.ar\/argentina\/wp-json\/wp\/v2\/categories?post=43968"},{"taxonomy":"post_tag","embeddable":true,"href":"http:\/\/argentinamunicipal.com.ar\/argentina\/wp-json\/wp\/v2\/tags?post=43968"}],"curies":[{"name":"wp","href":"https:\/\/api.w.org\/{rel}","templated":true}]}}