{"id":43971,"date":"2016-03-02T21:28:01","date_gmt":"2016-03-03T00:28:01","guid":{"rendered":"http:\/\/argentinamunicipal.com.ar\/argentina\/?p=43971"},"modified":"2016-03-02T21:28:01","modified_gmt":"2016-03-03T00:28:01","slug":"gobierno-rios-capacitara-personal-los-archivos-municipales","status":"publish","type":"post","link":"http:\/\/argentinamunicipal.com.ar\/argentina\/gobierno-rios-capacitara-personal-los-archivos-municipales\/","title":{"rendered":"El Gobierno de Entre R\u00edos\u00a0capacitar\u00e1 a personal de los archivos municipales"},"content":{"rendered":"<p><a href=\"http:\/\/argentinamunicipal.com.ar\/argentina\/wp-content\/uploads\/2016\/03\/plaza3.jpg\"><img loading=\"lazy\" decoding=\"async\" class=\"alignleft size-full wp-image-43972\" src=\"http:\/\/argentinamunicipal.com.ar\/argentina\/wp-content\/uploads\/2016\/03\/plaza3.jpg\" alt=\"plaza3\" width=\"394\" height=\"259\" srcset=\"http:\/\/argentinamunicipal.com.ar\/argentina\/wp-content\/uploads\/2016\/03\/plaza3.jpg 394w, http:\/\/argentinamunicipal.com.ar\/argentina\/wp-content\/uploads\/2016\/03\/plaza3-300x197.jpg 300w\" sizes=\"auto, (max-width: 394px) 100vw, 394px\" \/><\/a>El Archivo General de Entre R\u00edos, organismo de la Secretar\u00eda de Cultura provincial, asesorar\u00e1 y colaborar\u00e1 con la creaci\u00f3n del Archivo Municipal de Villa Urquiza \u2022 Brindar\u00e1 capacitaci\u00f3n al futuro personal en ordenamiento, catalogaci\u00f3n y archivoeconom\u00eda \u2022 El Archivo provincial realizar\u00e1 esta tarea con todos los municipios en la medida que lo soliciten<\/p>\n<p>La Municipalidad de Villa Urquiza solicit\u00f3 al Archivo el asesoramiento y la colaboraci\u00f3n en la creaci\u00f3n del Archivo Municipal y en la preparaci\u00f3n del personal que cumplir\u00e1 las funciones en ese archivo.<\/p>\n<p>Por su parte, uno de los objetivos del Archivo General es la capacitaci\u00f3n del personal que se desempe\u00f1a en los distintos archivos sectoriales y muy especialmente en los archivos municipales verdadera memoria de cada comunidad y una buena organizaci\u00f3n archiv\u00edstica mejora la organizaci\u00f3n de la administraci\u00f3n.<\/p>\n<p>El agente que cumplir\u00e1 funciones en el archivo de dicha localidad asistir\u00e1 al Archivo General de la Provincia para realizar capacitaci\u00f3n en los fundamentos b\u00e1sicos cono son el ordenamiento, catalogaci\u00f3n y en archivoeconom\u00eda.<\/p>\n<h6>Fuente: APF Digital<\/h6>\n","protected":false},"excerpt":{"rendered":"<p>El Archivo General de Entre R\u00edos, organismo de la Secretar\u00eda de Cultura provincial, asesorar\u00e1 y colaborar\u00e1 con la creaci\u00f3n del Archivo Municipal de Villa Urquiza \u2022 Brindar\u00e1 capacitaci\u00f3n al futuro personal en ordenamiento, catalogaci\u00f3n y archivoeconom\u00eda \u2022 El Archivo provincial realizar\u00e1 esta tarea con todos los municipios en la medida que lo soliciten La Municipalidad<\/p>\n","protected":false},"author":2,"featured_media":43972,"comment_status":"closed","ping_status":"closed","sticky":false,"template":"","format":"standard","meta":{"footnotes":""},"categories":[2],"tags":[17],"class_list":["post-43971","post","type-post","status-publish","format-standard","has-post-thumbnail","hentry","category-informe-municipal","tag-entre-rios"],"_links":{"self":[{"href":"http:\/\/argentinamunicipal.com.ar\/argentina\/wp-json\/wp\/v2\/posts\/43971","targetHints":{"allow":["GET"]}}],"collection":[{"href":"http:\/\/argentinamunicipal.com.ar\/argentina\/wp-json\/wp\/v2\/posts"}],"about":[{"href":"http:\/\/argentinamunicipal.com.ar\/argentina\/wp-json\/wp\/v2\/types\/post"}],"author":[{"embeddable":true,"href":"http:\/\/argentinamunicipal.com.ar\/argentina\/wp-json\/wp\/v2\/users\/2"}],"replies":[{"embeddable":true,"href":"http:\/\/argentinamunicipal.com.ar\/argentina\/wp-json\/wp\/v2\/comments?post=43971"}],"version-history":[{"count":0,"href":"http:\/\/argentinamunicipal.com.ar\/argentina\/wp-json\/wp\/v2\/posts\/43971\/revisions"}],"wp:featuredmedia":[{"embeddable":true,"href":"http:\/\/argentinamunicipal.com.ar\/argentina\/wp-json\/wp\/v2\/media\/43972"}],"wp:attachment":[{"href":"http:\/\/argentinamunicipal.com.ar\/argentina\/wp-json\/wp\/v2\/media?parent=43971"}],"wp:term":[{"taxonomy":"category","embeddable":true,"href":"http:\/\/argentinamunicipal.com.ar\/argentina\/wp-json\/wp\/v2\/categories?post=43971"},{"taxonomy":"post_tag","embeddable":true,"href":"http:\/\/argentinamunicipal.com.ar\/argentina\/wp-json\/wp\/v2\/tags?post=43971"}],"curies":[{"name":"wp","href":"https:\/\/api.w.org\/{rel}","templated":true}]}}