{"id":44017,"date":"2016-03-04T06:46:48","date_gmt":"2016-03-04T09:46:48","guid":{"rendered":"http:\/\/argentinamunicipal.com.ar\/argentina\/?p=44017"},"modified":"2016-03-04T06:46:48","modified_gmt":"2016-03-04T09:46:48","slug":"punta-alta-denuncian-intendente-aumento-50-la-planta-politica-esconde-decretos","status":"publish","type":"post","link":"http:\/\/argentinamunicipal.com.ar\/argentina\/punta-alta-denuncian-intendente-aumento-50-la-planta-politica-esconde-decretos\/","title":{"rendered":"Punta Alta: Denuncian que el intendente aument\u00f3 un 50% la planta pol\u00edtica y esconde decretos"},"content":{"rendered":"<p>La oposici\u00f3n lo acusa de crear nuevas secretar\u00edas, aumentar los sueldos a funcionarios y pasar de 18 a 27 cargos en el Ejecutivo. Ayer, les impidieron sesionar contra el aumento de tarifas de Absa.<\/p>\n<p>A la gobernadora Mar\u00eda Eugenia Vidal pareciera hab\u00e9rsele escapado la tortuga de la austeridad. Mientras en la Apertura de las Sesiones en la Legislatura bonaerense anunciaba una reducci\u00f3n de la planta pol\u00edtica en un 30%, un intendente de su espacio aumentaba las direcciones y secretar\u00edas municipales en un 50%.<\/p>\n<p>El esc\u00e1ndalo en cuesti\u00f3n se desencaden\u00f3 en Coronel Rosales, donde el jefe comunal Mariano Uset decidi\u00f3 crear nuevos cargos pol\u00edticos.<\/p>\n<p>\u201cEn la provincia de Buenos Aires la gobernadora Vidal ha hecho una reducci\u00f3n de la planta pol\u00edtica del 30%. En Coronel Rosales, Cambiemos ha hecho una ampliaci\u00f3n de los cargos pol\u00edticos en un 50%, pasmos de 18 cargos del ejecutivos a 27 cargos, creando nuevas secretar\u00edas e inclusos direcciones que se encuentran vacantes\u201d, denunci\u00f3 Daniel Medina, concejal de \u201cBien Com\u00fan\u201d.<\/p>\n<p>En di\u00e1logo con Buenos Aires Despierta, programa televisivo que se emite por QM Noticias, el edil afirm\u00f3 que \u201cel intendente deshabilit\u00f3 el bolet\u00edn oficial por lo que no tenemos acceso a ninguna clase de decreto realizado por el Ejecutivo\u201d, aunque de todas formas \u201cpudimos confirmar lo que era un rumor y es que funcionarios con cargos pol\u00edticos, que fueron presentados como coordinadores, fueron posteriormente, por decreto, recategorizados a jefes de \u00e1reas, lo que implic\u00f3 un aumento de sueldos del 25%. Son siete funcionarios\u201d<\/p>\n<p>Por \u00faltimo, el legislador local, se quej\u00f3 porque a \u00faltimo momento, sus pares en el HCD local decidieron levantar una sesi\u00f3n extraordinaria en la que se iba a discutir dicha situaci\u00f3n.<\/p>\n<h6>Fuente: InfoCielo<\/h6>\n","protected":false},"excerpt":{"rendered":"<p>La oposici\u00f3n lo acusa de crear nuevas secretar\u00edas, aumentar los sueldos a funcionarios y pasar de 18 a 27 cargos en el Ejecutivo. Ayer, les impidieron sesionar contra el aumento de tarifas de Absa. A la gobernadora Mar\u00eda Eugenia Vidal pareciera hab\u00e9rsele escapado la tortuga de la austeridad. Mientras en la Apertura de las Sesiones<\/p>\n","protected":false},"author":2,"featured_media":0,"comment_status":"closed","ping_status":"closed","sticky":false,"template":"","format":"standard","meta":{"footnotes":""},"categories":[4],"tags":[12],"class_list":["post-44017","post","type-post","status-publish","format-standard","hentry","category-informe-politico","tag-buenos-aires"],"_links":{"self":[{"href":"http:\/\/argentinamunicipal.com.ar\/argentina\/wp-json\/wp\/v2\/posts\/44017","targetHints":{"allow":["GET"]}}],"collection":[{"href":"http:\/\/argentinamunicipal.com.ar\/argentina\/wp-json\/wp\/v2\/posts"}],"about":[{"href":"http:\/\/argentinamunicipal.com.ar\/argentina\/wp-json\/wp\/v2\/types\/post"}],"author":[{"embeddable":true,"href":"http:\/\/argentinamunicipal.com.ar\/argentina\/wp-json\/wp\/v2\/users\/2"}],"replies":[{"embeddable":true,"href":"http:\/\/argentinamunicipal.com.ar\/argentina\/wp-json\/wp\/v2\/comments?post=44017"}],"version-history":[{"count":0,"href":"http:\/\/argentinamunicipal.com.ar\/argentina\/wp-json\/wp\/v2\/posts\/44017\/revisions"}],"wp:attachment":[{"href":"http:\/\/argentinamunicipal.com.ar\/argentina\/wp-json\/wp\/v2\/media?parent=44017"}],"wp:term":[{"taxonomy":"category","embeddable":true,"href":"http:\/\/argentinamunicipal.com.ar\/argentina\/wp-json\/wp\/v2\/categories?post=44017"},{"taxonomy":"post_tag","embeddable":true,"href":"http:\/\/argentinamunicipal.com.ar\/argentina\/wp-json\/wp\/v2\/tags?post=44017"}],"curies":[{"name":"wp","href":"https:\/\/api.w.org\/{rel}","templated":true}]}}