{"id":44059,"date":"2016-03-05T08:25:25","date_gmt":"2016-03-05T11:25:25","guid":{"rendered":"http:\/\/argentinamunicipal.com.ar\/argentina\/?p=44059"},"modified":"2016-03-05T08:25:25","modified_gmt":"2016-03-05T11:25:25","slug":"3-febrero-sera-primer-municipio-declaraciones-juradas-publicas","status":"publish","type":"post","link":"http:\/\/argentinamunicipal.com.ar\/argentina\/3-febrero-sera-primer-municipio-declaraciones-juradas-publicas\/","title":{"rendered":"3 de Febrero ser\u00e1 el primer municipio con declaraciones juradas p\u00fablicas"},"content":{"rendered":"<p><a href=\"http:\/\/argentinamunicipal.com.ar\/argentina\/wp-content\/uploads\/2016\/03\/Diego-Valenzuela-Jura-3.jpg\"><img loading=\"lazy\" decoding=\"async\" class=\"aligncenter size-full wp-image-44060\" src=\"http:\/\/argentinamunicipal.com.ar\/argentina\/wp-content\/uploads\/2016\/03\/Diego-Valenzuela-Jura-3.jpg\" alt=\"Diego-Valenzuela-Jura-3\" width=\"668\" height=\"446\" srcset=\"http:\/\/argentinamunicipal.com.ar\/argentina\/wp-content\/uploads\/2016\/03\/Diego-Valenzuela-Jura-3.jpg 668w, http:\/\/argentinamunicipal.com.ar\/argentina\/wp-content\/uploads\/2016\/03\/Diego-Valenzuela-Jura-3-300x200.jpg 300w\" sizes=\"auto, (max-width: 668px) 100vw, 668px\" \/><\/a><br \/>\nLo afirm\u00f3 el Intendente de esa localidad, Diego Valenzuela en conferencia de prensa. Adem\u00e1s detall\u00f3 los trabajos de su gesti\u00f3n y un plan de pol\u00edticas a futuro para su distrito.<\/p>\n<p>El Intendente de 3 de Febrero, Diego Valenzuela anunci\u00f3 que firmar\u00e1 un decreto para que sus funcionarios, concejales y \u00e9l publiquen sus declaraciones juradas\u00bbpara que todos sepan lo que tenemos cuando llegamos y cuando nos vayamos, e insto a que todos los concejales sigan este ejemplo de honestidad y transparencia\u00bb.<\/p>\n<p>La decisi\u00f3n se enmarca en la iniciativa de la Gobernadora bonaerense, Mar\u00eda Eugenia Vidal, quien firm\u00f3 un decreto que obliga a las autoridades de su gabinete a hacer p\u00fablico su patrimonio.<\/p>\n<p>Por ello, Tres de Febrero se convertir\u00e1 en el primer municipio de la provincia que regula la publicaci\u00f3n de las declaraciones juradas de los funcionarios.<\/p>\n<p>Valenzuela estuvo acompa\u00f1ado por el secretario de Salud y Desarrollo Humano, Adolfo S\u00e1nchez de Le\u00f3n, \u00a0con quien present\u00f3 un documento sobre irregularidades en el Centro de Salud N\u00b0 1 de Caseros.<\/p>\n<p>\u00abComprobamos que durante a\u00f1os se cobr\u00f3 a los pacientes una contribuci\u00f3n a cambio de una atenci\u00f3n m\u00e9dica que se dec\u00eda &#8216;gratuita&#8217;. El dinero era recaudado por una cooperadora que operaba en el Centro de Salud N\u00b0 1 sin un v\u00ednculo jur\u00eddico con la Municipalidad y que no entregaba a los pacientes ninguna constancia de pago\u00bb, apunt\u00f3 el secretario.<\/p>\n<p>Por su parte, el Intendente inform\u00f3 que ante estas irregularidades realizaron una denuncia en la Fiscal\u00eda General de San Mart\u00edn, y agreg\u00f3: \u00abTres de Febrero es el distrito con las barreras financieras de acceso a la salud m\u00e1s altas de todos los municipios del pa\u00eds auditados en el marco del Informe del Ministerio de Salud de la Naci\u00f3n sobre el Plan Remediar, entre 2002 y 2015\u00bb.<\/p>\n<p>\u00abSeg\u00fan el relevamiento, nuestro distrito est\u00e1 primero en el ranking de salud p\u00fablica arancelada, con el 80 por ciento de las pr\u00e1cticas con costo\u00bb, finaliz\u00f3.<\/p>\n<h6>Fuente: La Noticia 1.com<\/h6>\n","protected":false},"excerpt":{"rendered":"<p>Lo afirm\u00f3 el Intendente de esa localidad, Diego Valenzuela en conferencia de prensa. Adem\u00e1s detall\u00f3 los trabajos de su gesti\u00f3n y un plan de pol\u00edticas a futuro para su distrito. El Intendente de 3 de Febrero, Diego Valenzuela anunci\u00f3 que firmar\u00e1 un decreto para que sus funcionarios, concejales y \u00e9l publiquen sus declaraciones juradas\u00bbpara que<\/p>\n","protected":false},"author":2,"featured_media":44060,"comment_status":"closed","ping_status":"closed","sticky":false,"template":"","format":"standard","meta":{"footnotes":""},"categories":[4],"tags":[12],"class_list":["post-44059","post","type-post","status-publish","format-standard","has-post-thumbnail","hentry","category-informe-politico","tag-buenos-aires"],"_links":{"self":[{"href":"http:\/\/argentinamunicipal.com.ar\/argentina\/wp-json\/wp\/v2\/posts\/44059","targetHints":{"allow":["GET"]}}],"collection":[{"href":"http:\/\/argentinamunicipal.com.ar\/argentina\/wp-json\/wp\/v2\/posts"}],"about":[{"href":"http:\/\/argentinamunicipal.com.ar\/argentina\/wp-json\/wp\/v2\/types\/post"}],"author":[{"embeddable":true,"href":"http:\/\/argentinamunicipal.com.ar\/argentina\/wp-json\/wp\/v2\/users\/2"}],"replies":[{"embeddable":true,"href":"http:\/\/argentinamunicipal.com.ar\/argentina\/wp-json\/wp\/v2\/comments?post=44059"}],"version-history":[{"count":0,"href":"http:\/\/argentinamunicipal.com.ar\/argentina\/wp-json\/wp\/v2\/posts\/44059\/revisions"}],"wp:featuredmedia":[{"embeddable":true,"href":"http:\/\/argentinamunicipal.com.ar\/argentina\/wp-json\/wp\/v2\/media\/44060"}],"wp:attachment":[{"href":"http:\/\/argentinamunicipal.com.ar\/argentina\/wp-json\/wp\/v2\/media?parent=44059"}],"wp:term":[{"taxonomy":"category","embeddable":true,"href":"http:\/\/argentinamunicipal.com.ar\/argentina\/wp-json\/wp\/v2\/categories?post=44059"},{"taxonomy":"post_tag","embeddable":true,"href":"http:\/\/argentinamunicipal.com.ar\/argentina\/wp-json\/wp\/v2\/tags?post=44059"}],"curies":[{"name":"wp","href":"https:\/\/api.w.org\/{rel}","templated":true}]}}