{"id":44070,"date":"2016-03-05T08:00:21","date_gmt":"2016-03-05T11:00:21","guid":{"rendered":"http:\/\/argentinamunicipal.com.ar\/argentina\/?p=44070"},"modified":"2016-03-05T09:02:00","modified_gmt":"2016-03-05T12:02:00","slug":"tendencia-intendentes-bonaerenses-quieren-sacarse-encima-absa-avanzan-la-municipalizacion","status":"publish","type":"post","link":"http:\/\/argentinamunicipal.com.ar\/argentina\/tendencia-intendentes-bonaerenses-quieren-sacarse-encima-absa-avanzan-la-municipalizacion\/","title":{"rendered":"Tendencia: Intendentes\u00a0bonaerenses\u00a0quieren sacarse de encima ABSA y avanzan en la municipalizaci\u00f3n"},"content":{"rendered":"<p>En Villa Gesell y Carlos Casares ya anunciaron la estatizaci\u00f3n del servicio. En Coronel Rosales rechazaron el aumento en las tarifas y eval\u00faan la posibilidad. Falta de inversiones y colapso del sistema cloacal entre las principales cr\u00edticas.<\/p>\n<p>El anuncio del servicio de agua pareciera ser la gota que rebals\u00f3 el vaso de varios intendentes que, cansados por el p\u00e9simo servicio brindado por ABSA, resolvieron avanzar en la municipalizaci\u00f3n del servicio, tendencia que pareciera ir en aumento.<\/p>\n<p>El primer intendente en tirar la piedra durante el 2016 fue el de Carlos Casares, Walter Torchio, quien ante el rebalse de las cloacas, la baja calidad del agua y la falta de inversiones anunci\u00f3 que gestionaran ante la gobernadora Mar\u00eda Eugenia Vidal una serie de inversiones, para que una vez realizadas, la prestaci\u00f3n pase a ser gestionada por la comuna bonaerense.<\/p>\n<p>\u201cSeguimos teniendo problemas con la calidad del agua, barrios donde el agua no llega en cuanto a la cantidad en la que deber\u00eda llegar. Adem\u00e1s tenemos un rebalse de cloacas y un monton de otras deficiencias. La propuesta que le vamos a hacer a la gobernadora es que se hagan las inversiones definitivas como para que Casares quede en orden y a partir de ah\u00ed tomar a cargo el servicio la municipalidad, hacer el cobro y el mantenimiento\u201d, hab\u00eda asegurado Torchio a INFOCIELO.<\/p>\n<p>En los \u00faltimos d\u00edas, el jefe comunal de Villa Gesell, Gustavo Barrera, se cans\u00f3 del rebalse de las cloacas sobre las costas de la ciudad tur\u00edstica y anunci\u00f3 que seguir\u00e1 los pasos de la estatizaci\u00f3n. \u201cTodo el afluente cloacal va a hacia la Costa. Se ha rota esta bomba y est\u00e1 rebalsando los desechos cloacales en toda la Costa de Villa Gesell. No es la primera vez que ocurre, por lo que hemos decidido municipalizar el servicio. Hemos pedido audiencias a ABSA en La Plata para ver qu\u00e9 soluci\u00f3n nos dan\u201d, denunci\u00f3 el alcalde bonaerense durante una entrevista en la segunda edici\u00f3n de QM Noticias.<\/p>\n<p>Por otra parte, en Coronel Rosales el Concejo Deliberante, a trav\u00e9s de una resoluci\u00f3n un\u00e1nime de los bloques en comisi\u00f3n, se resolvi\u00f3 rechazar el incremento de las tarifas de ABSA y adujeron las mismas deficiencias en la prestaci\u00f3n que el resto de los municipios.<\/p>\n<p>Adem\u00e1s, arios intendentes han realizado pedido de audiencias y reuniones con funcionarios de la empresa para evaluar los pasos a seguir.<\/p>\n<p>La suba de las tarifas en la prestaci\u00f3n fogue\u00f3 a\u00fan m\u00e1s la disconformidad con la empresa, por lo que de no revertir el estado de situaci\u00f3n del sistema estructural del servicio en un corto o mediano plazo, varios intendentes, con o sin la ayuda de la Provincia, tienen planteado avanzar con la estatizaci\u00f3n de la prestaci\u00f3n.<\/p>\n<h6>Fuente: InfoCielo<\/h6>\n","protected":false},"excerpt":{"rendered":"<p>En Villa Gesell y Carlos Casares ya anunciaron la estatizaci\u00f3n del servicio. En Coronel Rosales rechazaron el aumento en las tarifas y eval\u00faan la posibilidad. Falta de inversiones y colapso del sistema cloacal entre las principales cr\u00edticas. El anuncio del servicio de agua pareciera ser la gota que rebals\u00f3 el vaso de varios intendentes que,<\/p>\n","protected":false},"author":2,"featured_media":0,"comment_status":"closed","ping_status":"closed","sticky":false,"template":"","format":"standard","meta":{"footnotes":""},"categories":[4],"tags":[12],"class_list":["post-44070","post","type-post","status-publish","format-standard","hentry","category-informe-politico","tag-buenos-aires"],"_links":{"self":[{"href":"http:\/\/argentinamunicipal.com.ar\/argentina\/wp-json\/wp\/v2\/posts\/44070","targetHints":{"allow":["GET"]}}],"collection":[{"href":"http:\/\/argentinamunicipal.com.ar\/argentina\/wp-json\/wp\/v2\/posts"}],"about":[{"href":"http:\/\/argentinamunicipal.com.ar\/argentina\/wp-json\/wp\/v2\/types\/post"}],"author":[{"embeddable":true,"href":"http:\/\/argentinamunicipal.com.ar\/argentina\/wp-json\/wp\/v2\/users\/2"}],"replies":[{"embeddable":true,"href":"http:\/\/argentinamunicipal.com.ar\/argentina\/wp-json\/wp\/v2\/comments?post=44070"}],"version-history":[{"count":0,"href":"http:\/\/argentinamunicipal.com.ar\/argentina\/wp-json\/wp\/v2\/posts\/44070\/revisions"}],"wp:attachment":[{"href":"http:\/\/argentinamunicipal.com.ar\/argentina\/wp-json\/wp\/v2\/media?parent=44070"}],"wp:term":[{"taxonomy":"category","embeddable":true,"href":"http:\/\/argentinamunicipal.com.ar\/argentina\/wp-json\/wp\/v2\/categories?post=44070"},{"taxonomy":"post_tag","embeddable":true,"href":"http:\/\/argentinamunicipal.com.ar\/argentina\/wp-json\/wp\/v2\/tags?post=44070"}],"curies":[{"name":"wp","href":"https:\/\/api.w.org\/{rel}","templated":true}]}}