{"id":44089,"date":"2016-03-05T09:28:10","date_gmt":"2016-03-05T12:28:10","guid":{"rendered":"http:\/\/argentinamunicipal.com.ar\/argentina\/?p=44089"},"modified":"2016-03-05T09:28:10","modified_gmt":"2016-03-05T12:28:10","slug":"cloacas-mas-3500-vecinos-santa-fe","status":"publish","type":"post","link":"http:\/\/argentinamunicipal.com.ar\/argentina\/cloacas-mas-3500-vecinos-santa-fe\/","title":{"rendered":"Cloacas para m\u00e1s de 3500 vecinos de Santa Fe"},"content":{"rendered":"<p><a href=\"http:\/\/argentinamunicipal.com.ar\/argentina\/wp-content\/uploads\/2016\/03\/135150_santa-fe.jpg\"><img loading=\"lazy\" decoding=\"async\" class=\"aligncenter size-full wp-image-44090\" src=\"http:\/\/argentinamunicipal.com.ar\/argentina\/wp-content\/uploads\/2016\/03\/135150_santa-fe.jpg\" alt=\"135150_santa-fe\" width=\"544\" height=\"293\" srcset=\"http:\/\/argentinamunicipal.com.ar\/argentina\/wp-content\/uploads\/2016\/03\/135150_santa-fe.jpg 544w, http:\/\/argentinamunicipal.com.ar\/argentina\/wp-content\/uploads\/2016\/03\/135150_santa-fe-300x162.jpg 300w\" sizes=\"auto, (max-width: 544px) 100vw, 544px\" \/><\/a><br \/>\nSe trata de la obra que lleva adelante el Gobierno de la Ciudad y que posibilitar\u00e1 extender la red cloacal en el sector delimitado por Estanislao Zeballos, Facundo Zuvir\u00eda, Gorostiaga y Gobernador Freyre.<\/p>\n<p>El intendente Jos\u00e9 Corral, junto a funcionarios y vecinos de barrio Los Hornos, recorri\u00f3 esta ma\u00f1ana los trabajos que lleva adelante el Gobierno de la Ciudad para la extensi\u00f3n de la red de desag\u00fces cloacales. Se trata de la segunda etapa, de una obra que permite completar la provisi\u00f3n del servicio en este sector de la ciudad. Por estos d\u00edas, se trabaja en la instalaci\u00f3n de las ca\u00f1er\u00edas colectoras en calle Juan Pablo L\u00f3pez al 3400, entre San Lorenzo y Gobernador Freyre.<\/p>\n<p>\u00abLa obra est\u00e1 avanzando muy bien y ya estamos con un 20% de desarrollo\u00bb, se\u00f1al\u00f3 Jos\u00e9 Corral y detall\u00f3 que \u00abson una 730 conexiones domiciliarias, lo cual significa que m\u00e1s de 3500 personas se ver\u00e1n beneficiadas de manera directa con este proyecto\u00bb. Asimismo, indic\u00f3 que la ampliaci\u00f3n de la red es posible gracias a la finalizaci\u00f3n de la construcci\u00f3n de la planta elevadora ubicada en calle Gorostiaga y Zavalla.<\/p>\n<p>Cabe se\u00f1alar que la segunda etapa en marcha comprende el tendido de 7500 metros de ca\u00f1er\u00eda de red colectora domiciliaria y 500 metros de ca\u00f1er\u00eda de Colector Principal en el \u00e1rea delimitada por Estanislao Zeballos al norte, avenida Facundo Zuvir\u00eda al este, Gorostiaga al sur y Gobernador Freyre al oeste. Estos trabajos son ejecutados por Construcciones Angel Boscarino y Cia. S.R.L., empresa que result\u00f3 adjudicataria de la licitaci\u00f3n p\u00fablica. Con un presupuesto oficial de 27.953.044 pesos, la obra forma parte del Plan de Expansi\u00f3n de la Red Cloacal 2013-2024, que pusieron en marcha el Gobierno de la Ciudad y el Gobierno de la Provincia con el objetivo de dotar del servicio a toda la capital provincial.<\/p>\n<p>Vale indicar que tambi\u00e9n participaron del recorrido el gerente del Nodo Santa Fe de Aguas Santafesinas S.A., Dante de Nardo; el secretario de Recursos H\u00eddricos, Felipe Franco; y el coordinador de Distrito, Emiliano Koppl, entre otros funcionarios.<\/p>\n<p><strong>Beneficio importante<\/strong><\/p>\n<p>Sobre la relevancia de la obra, el intendente Jos\u00e9 Corral destac\u00f3 que \u00abaunque son obras que no se ven, porque est\u00e1n bajo tierra, tener o no cloacas es un antes y un despu\u00e9s desde el punto de vista sanitario, por la comodidad y adem\u00e1s porque es m\u00e1s barato\u00bb. En ese sentido explic\u00f3 que \u00abel vecino responsable que vac\u00eda el pozo peri\u00f3dicamente, termina pagando m\u00e1s que que sale el servicio de cloacas y de agua juntos\u00bb.<\/p>\n<p>En esa l\u00ednea, detall\u00f3 que la ampliaci\u00f3n se realiza mediante el aporte de cuatro partes, \u00abhay aportes del Gobierno provincial, del Gobierno de la Ciudad, de los propios vecinos que se benefician y un peque\u00f1o cargo solidario de quienes ya tenemos la instalaci\u00f3n de cloaca en la ciudad\u00bb. Cabe se\u00f1alar que los beneficiarios aportan su parte, una vez que ya est\u00e1n conectados y utilizando la red, mediante el sistema de Contribuci\u00f3n de mejoras.<\/p>\n<p>M\u00e1s adelante, refiri\u00e9ndose a las posibilidades de extensi\u00f3n del servicio, Jos\u00e9 Corral sostuvo que se seguir\u00e1 \u00abavanzando con un plan para, en pocos a\u00f1os, completar la totalidad de la ciudad con estas importantes obras. Estamos convencidos que esto mejora a nuestra capital y que tenemos que seguir prioriz\u00e1ndolo en el marco de esto que dimos en llamar Plan Norte, que es llevar las infraestructuras a donde todav\u00eda no est\u00e1n, que es justamente en el Norte\u00bb afirm\u00f3.<\/p>\n<p><strong>Llegar con servicios<\/strong><\/p>\n<p>Como en cada una de sus visitas a los barrios, el mandatario local aprovech\u00f3 para conversar con los vecinos. En ese sentido se\u00f1al\u00f3 que \u00abcomo la obra trae algunas molestias mientras se concreta, rogamos que tengan paciencia\u00bb y se\u00f1al\u00f3 que paralelamente \u00abaprovechamos para reparar los pavimentos en el lugar pr\u00f3ximo a la obra y dejar en buenas condiciones el sector por donde pasa la nueva ca\u00f1er\u00eda\u00bb.<\/p>\n<p>Una de las vecinas que se acerc\u00f3 conversar con el intendente fue Roxana. \u00abEs el \u00fanico servicio que nos faltaba. Estamos muy felices\u00bb, se\u00f1al\u00f3. A su vez Ana Mar\u00eda se sum\u00f3 destacando que \u00abes un avance vital para el barrio. Nos permitir\u00e1 mantener las calles limpias\u00bb.<\/p>\n<p><strong>Antecedentes<\/strong><\/p>\n<p>La primera etapa de la obra de expansi\u00f3n de la red colectora en barrio Los Hornos se concret\u00f3 en 830 domicilios en el sector delimitado por las calles Gorostiaga al norte, Facundo Zuvir\u00eda al este, Diagonal Goyena al sur y Gobernador Freyre al oeste.<\/p>\n<p>Paralelamente a las tareas de expansi\u00f3n de la red, se llev\u00f3 adelante la construcci\u00f3n de la Estaci\u00f3n Elevadora necesaria para dotar del servicio cloacal no solo a los vecinos de Los Hornos, sino tambi\u00e9n a la Vecinal Schneider, Tr\u00e1nsito, San Mart\u00edn, Piquete Las Flores, San Jos\u00e9, Pompeya y Vecinal Belgrano, entre otros. La obra fue habilitada por el intendente Jos\u00e9 Corral en septiembre de 2015 y demand\u00f3 una inversi\u00f3n superior a los 15 millones de pesos.<\/p>\n<h6>Fuente: Sin Mordaza<\/h6>\n","protected":false},"excerpt":{"rendered":"<p>Se trata de la obra que lleva adelante el Gobierno de la Ciudad y que posibilitar\u00e1 extender la red cloacal en el sector delimitado por Estanislao Zeballos, Facundo Zuvir\u00eda, Gorostiaga y Gobernador Freyre. El intendente Jos\u00e9 Corral, junto a funcionarios y vecinos de barrio Los Hornos, recorri\u00f3 esta ma\u00f1ana los trabajos que lleva adelante el<\/p>\n","protected":false},"author":2,"featured_media":44090,"comment_status":"closed","ping_status":"closed","sticky":false,"template":"","format":"standard","meta":{"footnotes":""},"categories":[2],"tags":[10],"class_list":["post-44089","post","type-post","status-publish","format-standard","has-post-thumbnail","hentry","category-informe-municipal","tag-santa-fe"],"_links":{"self":[{"href":"http:\/\/argentinamunicipal.com.ar\/argentina\/wp-json\/wp\/v2\/posts\/44089","targetHints":{"allow":["GET"]}}],"collection":[{"href":"http:\/\/argentinamunicipal.com.ar\/argentina\/wp-json\/wp\/v2\/posts"}],"about":[{"href":"http:\/\/argentinamunicipal.com.ar\/argentina\/wp-json\/wp\/v2\/types\/post"}],"author":[{"embeddable":true,"href":"http:\/\/argentinamunicipal.com.ar\/argentina\/wp-json\/wp\/v2\/users\/2"}],"replies":[{"embeddable":true,"href":"http:\/\/argentinamunicipal.com.ar\/argentina\/wp-json\/wp\/v2\/comments?post=44089"}],"version-history":[{"count":0,"href":"http:\/\/argentinamunicipal.com.ar\/argentina\/wp-json\/wp\/v2\/posts\/44089\/revisions"}],"wp:featuredmedia":[{"embeddable":true,"href":"http:\/\/argentinamunicipal.com.ar\/argentina\/wp-json\/wp\/v2\/media\/44090"}],"wp:attachment":[{"href":"http:\/\/argentinamunicipal.com.ar\/argentina\/wp-json\/wp\/v2\/media?parent=44089"}],"wp:term":[{"taxonomy":"category","embeddable":true,"href":"http:\/\/argentinamunicipal.com.ar\/argentina\/wp-json\/wp\/v2\/categories?post=44089"},{"taxonomy":"post_tag","embeddable":true,"href":"http:\/\/argentinamunicipal.com.ar\/argentina\/wp-json\/wp\/v2\/tags?post=44089"}],"curies":[{"name":"wp","href":"https:\/\/api.w.org\/{rel}","templated":true}]}}