{"id":44101,"date":"2016-03-05T09:47:10","date_gmt":"2016-03-05T12:47:10","guid":{"rendered":"http:\/\/argentinamunicipal.com.ar\/argentina\/?p=44101"},"modified":"2016-03-05T09:47:10","modified_gmt":"2016-03-05T12:47:10","slug":"denuncian-cierre-agricultura-familiar-neuquen-esquel","status":"publish","type":"post","link":"http:\/\/argentinamunicipal.com.ar\/argentina\/denuncian-cierre-agricultura-familiar-neuquen-esquel\/","title":{"rendered":"Denuncian el cierre de Agricultura Familiar en Neuqu\u00e9n y Esquel"},"content":{"rendered":"<p><a href=\"http:\/\/argentinamunicipal.com.ar\/argentina\/wp-content\/uploads\/2016\/03\/0001908571.jpg\"><img loading=\"lazy\" decoding=\"async\" class=\"aligncenter  wp-image-44102\" src=\"http:\/\/argentinamunicipal.com.ar\/argentina\/wp-content\/uploads\/2016\/03\/0001908571.jpg\" alt=\"0001908571\" width=\"667\" height=\"375\" srcset=\"http:\/\/argentinamunicipal.com.ar\/argentina\/wp-content\/uploads\/2016\/03\/0001908571.jpg 770w, http:\/\/argentinamunicipal.com.ar\/argentina\/wp-content\/uploads\/2016\/03\/0001908571-300x169.jpg 300w, http:\/\/argentinamunicipal.com.ar\/argentina\/wp-content\/uploads\/2016\/03\/0001908571-768x432.jpg 768w\" sizes=\"auto, (max-width: 667px) 100vw, 667px\" \/><\/a><br \/>\nDesde la delegaci\u00f3n provincial de la Secretar\u00eda piden que se de marcha atr\u00e1s a la resoluci\u00f3n que anuncia el cese a los 55 trabajadores.<\/p>\n<p>Los trabajadores de la delegaci\u00f3n neuquina de la Secretar\u00eda de Agricultura Familiar denuncian el cierre de la dependencia. Dicen que esta ma\u00f1ana les lleg\u00f3 un telegrama que anuncia el cese de los 55 empleados de Neuqu\u00e9n al 31 de marzo.<\/p>\n<p>\u00abLo que la resoluci\u00f3n hace es dejar de existir un organismo de control para los peque\u00f1os productores y la agricultura familiar\u00bb, expres\u00f3 Daniel G\u00f3mez, delegado de ATE de Agricultura Familiar en Neuqu\u00e9n. En este sentido, aclar\u00f3 la medida afecta a unos 1.600 empleados de todo el pa\u00eds, por lo que se realiza una protesta nacional en distintos ciudades.<\/p>\n<p>G\u00f3mez explic\u00f3 que le exigen respuestas al ministro de Agricultura de Naci\u00f3n. \u00abNo hemos sido atendidos y por eso hoy hacemos una jornada de lucha que se repite en el resto del pa\u00eds y el mi\u00e9rcoles vamos a una gran marcha a las puertas del ministerio\u00bb, detall\u00f3 el delegado.<\/p>\n<p>En la ciudad protestaron en el boulevard de Avenida Argentina al lado del Monumento al General San Mart\u00edn junto a compa\u00f1eros de otras delegaciones como de General Roca y de otros organismos nacionales como el INTA, el INTI y Desarrollo Social.<\/p>\n<p>\u00abLa idea es compartir con la gente lo que pasa. Queremos que la gente comprenda nuestro trabajo y que esta medida nos afecta directamente\u00bb, dijo G\u00f3mez y agreg\u00f3: \u00abEst\u00e1 en riesgo el laburo de miles de familias y el consumo de millones\u00bb.<\/p>\n<h6>Fuente: La Ma\u00f1ana Neuqu\u00e9n<\/h6>\n<hr \/>\n<p>&nbsp;<\/p>\n<h3>Preocupaci\u00f3n por posible baja \u00a0de contratos en Esquel<\/h3>\n<p>Trabajadores de la Secretar\u00eda de Agricultura Familiar (SAF) de Naci\u00f3n, agremiados en ATE, realizaron este viernes un paro de actividades por 24 horas, exigiendo la reincorporaci\u00f3n inmediata de los empleados despedidos en la Provincia de Jujuy. Ayer, una circular lleg\u00f3 a la Delegaci\u00f3n Esquel anticipando la baja de contratos a partir del 31 de marzo.<\/p>\n<p>Una nueva medida de fuerza llevaron adelante en la SAF por lo ocurrido en el norte argentino y por probable ca\u00edda de contratos a fin de mes, lo cual pone en riesgo el empleo de 1600 t\u00e9cnicos en todo el pa\u00eds. La semana pr\u00f3xima retoman el plan de lucha. Piden una reuni\u00f3n con autoridades del Ministerio de Agroindustria.<\/p>\n<p>En di\u00e1logo con Diario El Oeste, el secretario general de ATE Seccional Esquel, F\u00e9lix Gonz\u00e1lez, explic\u00f3 que el paro de ayer viernes fue por \u201clos reclamos que ya son de p\u00fablico conocimiento\u201d. Apunt\u00f3 sin tapujos contra las medidas econ\u00f3micas implementadas por el Gobierno de Mauricio Macri que, seg\u00fan entendi\u00f3, conducen al \u201cvaciamiento del Estado\u201d.<\/p>\n<p>Reconoci\u00f3 que hay una gran \u201cincertidumbre\u201d en la Delegaci\u00f3n local por la continuidad laboral de 30 vecinos. \u201cNo sabemos qui\u00e9nes estar\u00e1n despedidos. En principio hab\u00edamos dicho cuatro a cinco compa\u00f1eros con contrato, quienes desde diciembre no perciben los haberes, pero hoy lleg\u00f3 una circular donde se generaliza a todo el personal\u201d, acot\u00f3.<\/p>\n<p>No descart\u00f3 que el Ministerio intente cerrar las puertas de las oficinas en la ciudad y dej\u00f3 en claro que por ello existe un fuerte \u201cmalestar\u201d. Adem\u00e1s, record\u00f3 que hace algunos d\u00edas mantuvieron una reuni\u00f3n con el coordinador provincial de la SAF. \u201cPedimos que conozca la situaci\u00f3n de cada uno. Debe tener conocimiento de las funciones que est\u00e1n cumpliendo los compa\u00f1eros\u201d, indic\u00f3.<\/p>\n<p><strong>\u00bfY despu\u00e9s del 31 de marzo?<\/strong><\/p>\n<p>Javier Manquilef, delegado de ATE, confi\u00f3: \u201cNo sabemos lo que pasar\u00e1 despu\u00e9s del 31 de marzo. Esta medida de fuerza es por 24 horas, pero vamos a continuar la semana que viene con dos d\u00edas de paro y una movilizaci\u00f3n al Ministerio de Agroindustria. Estamos pidiendo que nos reciban las autoridades de Naci\u00f3n y que nos den garant\u00edas de que la SAF seguir\u00e1\u201d.<\/p>\n<p>Cuestion\u00f3 que hasta el momento \u201cla \u00fanica respuesta es que a partir del 31 vamos a quedar cesantes todos los agentes. No dan explicaci\u00f3n. En total somos 1600 compa\u00f1eros en todo el pa\u00eds y en Esquel, 30. Es parte de nuestras tareas diarias trabajar con el sector m\u00e1s vulnerable del campo y con las comunidades originarias\u201d.<\/p>\n<p>En tanto, Bel\u00e9n Coussirat pidi\u00f3 explicaciones por la circular recibida en la ma\u00f1ana de ayer, viernes. \u201cEs muy claro lo que dice. Todos los agentes de Agricultura Familiar quedan el 31 de marzo sin contrato. Esa es la nota oficial del Ministerio de Agroindustria. Nos gustar\u00eda que se comuniquen\u201d, complet\u00f3.<\/p>\n<h6>Fuente: El Oeste<\/h6>\n","protected":false},"excerpt":{"rendered":"<p>Desde la delegaci\u00f3n provincial de la Secretar\u00eda piden que se de marcha atr\u00e1s a la resoluci\u00f3n que anuncia el cese a los 55 trabajadores. Los trabajadores de la delegaci\u00f3n neuquina de la Secretar\u00eda de Agricultura Familiar denuncian el cierre de la dependencia. Dicen que esta ma\u00f1ana les lleg\u00f3 un telegrama que anuncia el cese de<\/p>\n","protected":false},"author":2,"featured_media":44102,"comment_status":"closed","ping_status":"closed","sticky":false,"template":"","format":"standard","meta":{"footnotes":""},"categories":[8],"tags":[21],"class_list":["post-44101","post","type-post","status-publish","format-standard","has-post-thumbnail","hentry","category-informe-nacional","tag-argentina"],"_links":{"self":[{"href":"http:\/\/argentinamunicipal.com.ar\/argentina\/wp-json\/wp\/v2\/posts\/44101","targetHints":{"allow":["GET"]}}],"collection":[{"href":"http:\/\/argentinamunicipal.com.ar\/argentina\/wp-json\/wp\/v2\/posts"}],"about":[{"href":"http:\/\/argentinamunicipal.com.ar\/argentina\/wp-json\/wp\/v2\/types\/post"}],"author":[{"embeddable":true,"href":"http:\/\/argentinamunicipal.com.ar\/argentina\/wp-json\/wp\/v2\/users\/2"}],"replies":[{"embeddable":true,"href":"http:\/\/argentinamunicipal.com.ar\/argentina\/wp-json\/wp\/v2\/comments?post=44101"}],"version-history":[{"count":0,"href":"http:\/\/argentinamunicipal.com.ar\/argentina\/wp-json\/wp\/v2\/posts\/44101\/revisions"}],"wp:featuredmedia":[{"embeddable":true,"href":"http:\/\/argentinamunicipal.com.ar\/argentina\/wp-json\/wp\/v2\/media\/44102"}],"wp:attachment":[{"href":"http:\/\/argentinamunicipal.com.ar\/argentina\/wp-json\/wp\/v2\/media?parent=44101"}],"wp:term":[{"taxonomy":"category","embeddable":true,"href":"http:\/\/argentinamunicipal.com.ar\/argentina\/wp-json\/wp\/v2\/categories?post=44101"},{"taxonomy":"post_tag","embeddable":true,"href":"http:\/\/argentinamunicipal.com.ar\/argentina\/wp-json\/wp\/v2\/tags?post=44101"}],"curies":[{"name":"wp","href":"https:\/\/api.w.org\/{rel}","templated":true}]}}