{"id":44156,"date":"2016-03-08T06:05:06","date_gmt":"2016-03-08T09:05:06","guid":{"rendered":"http:\/\/argentinamunicipal.com.ar\/argentina\/?p=44156"},"modified":"2016-03-07T08:17:43","modified_gmt":"2016-03-07T11:17:43","slug":"achique-personal-industrias-santafesinas-bonaerenses-falta-demanda","status":"publish","type":"post","link":"http:\/\/argentinamunicipal.com.ar\/argentina\/achique-personal-industrias-santafesinas-bonaerenses-falta-demanda\/","title":{"rendered":"Achique de personal en industrias santafesinas y bonaerenses por falta de demanda"},"content":{"rendered":"<p><a href=\"http:\/\/argentinamunicipal.com.ar\/argentina\/wp-content\/uploads\/2016\/03\/2b91d9852a55922ad540656eca0079e7_L.jpg\"><img loading=\"lazy\" decoding=\"async\" class=\"aligncenter size-full wp-image-44157\" src=\"http:\/\/argentinamunicipal.com.ar\/argentina\/wp-content\/uploads\/2016\/03\/2b91d9852a55922ad540656eca0079e7_L.jpg\" alt=\"2b91d9852a55922ad540656eca0079e7_L\" width=\"600\" height=\"337\" srcset=\"http:\/\/argentinamunicipal.com.ar\/argentina\/wp-content\/uploads\/2016\/03\/2b91d9852a55922ad540656eca0079e7_L.jpg 600w, http:\/\/argentinamunicipal.com.ar\/argentina\/wp-content\/uploads\/2016\/03\/2b91d9852a55922ad540656eca0079e7_L-300x169.jpg 300w\" sizes=\"auto, (max-width: 600px) 100vw, 600px\" \/><\/a><br \/>\n\u201cPor ahora se ven los costos y no los beneficios de las medidas econ\u00f3micas\u201d, resumi\u00f3 el gobernador de Santa Fe la situaci\u00f3n que empieza a irradiarse en el escenario industrial: el recorte de personal como respuesta a la ca\u00edda de demanda.<\/p>\n<p>El cord\u00f3n industrial de la zona de Rosario y el norte de la provincia de Buenos Aires registra un deterioro de las condiciones laborales, con despidos, retiros voluntarios y suspensiones, lo que puso en estado de alerta a los gremios. Una de las situaciones m\u00e1s delicadas es la de la empresa qu\u00edmica Ar Zinc, cuya planta de la localidad de Fray Luis Beltr\u00e1n amenaza con cerrar dejando en la calle a 420 trabajadores. Las grandes sider\u00fargicas, Siderca y Acindar, despidieron a trabajadores de firmas contratistas controladas y aplicaron suspensiones, al tiempo que las metal\u00fargicas Vassalli y Bambi tambi\u00e9n echaron a contratados y prev\u00e9n discontinuar la actividad. Adem\u00e1s, se esperan despidos y suspensiones en las pr\u00f3ximas semanas en las automotrices, especialmente en la planta de General Pacheco de Volkswagen (ver aparte), que afectar\u00e1 directamente a sus trabajadores y tambi\u00e9n a las firmas autopartistas. El deterioro de la rentabilidad de las firmas en los \u00faltimos a\u00f1os, el desplome del mercado brasile\u00f1o, el tarifazo el\u00e9ctrico y la apertura de importaciones, en un contexto de ca\u00edda del consumo y en t\u00e9rminos pol\u00edticos m\u00e1s favorable para que el empresario haga su propio ajuste, son algunas de las causas que explican esta situaci\u00f3n. Desde la UOM advierten que pr\u00f3ximamente podr\u00edan organizar una movilizaci\u00f3n en defensa de la industria nacional.<\/p>\n<p>\u201cPor ahora s\u00f3lo se ven los costos y no los beneficios de las medidas econ\u00f3micas tomadas por el gobierno de Macri. Hay muchas empresas que se est\u00e1n achicando en la provincia\u201d, dijo el gobernador de Santa Fe, Miguel Lifschitz. En los \u00faltimos d\u00edas hubo varias medidas de protesta, una de las m\u00e1s fuertes fue el paro de la CGT San Lorenzo, que cort\u00f3 la ruta 11 en protesta por el cierre de Ar Zinc. La empresa tiene el monopolio del mercado local de zinc electrol\u00edtico, que tambi\u00e9n exporta, y produce adem\u00e1s \u00e1cido sulf\u00farico. El argumento empresarial es que cuentan con un plantel obrero de mucha antig\u00fcedad y tambi\u00e9n tuvieron problemas con un horno que no fue reparado en mucho tiempo. Luego de que muchos empleados aceptaron la indemnizaci\u00f3n y los retiros voluntarios, fue cerrada la f\u00e1brica y 420 trabajadores quedaron en la calle. Ante esta situaci\u00f3n, la intendenta de Fray Luis Beltr\u00e1n, Liliana Canut, advirti\u00f3 que no s\u00f3lo el desempleo afectar\u00e1 la econom\u00eda del municipio sino tambi\u00e9n la p\u00e9rdida de 480 mil pesos mensuales de recaudaci\u00f3n por Derecho de Registro e Inspecci\u00f3n, que equivale a un cuarto de la masa salarial municipal. La propuesta del Gobierno es reconvertir la planta con un cr\u00e9dito para reparar o comprar un horno, ya sea en manos de sus actuales due\u00f1os o contratando al actual personal por medio de los Repro del Ministerio de Trabajo.<\/p>\n<p><strong>Avivadas<\/strong><\/p>\n<p>Ar Zinc es propiedad desde 2005 del gigante minero Glencore. La materia prima para la fabricaci\u00f3n del zinc y del \u00e1cido sulf\u00farico es adquirida a Minera Aguilar, tambi\u00e9n del grupo Glencore. Con la eliminaci\u00f3n de las retenciones mineras que aplic\u00f3 el gobierno de Mauricio Macri, para la empresa es m\u00e1s atractivo exportar el metal en crudo que procesarlo en Rosario. \u201cTienen el terreno allanado. Pueden volver a poner la planta en funcionamiento con personal de menor antig\u00fcedad y beneficios sociales, o sea, con mano de obra m\u00e1s barata. El estado les da plata para hacer horno nuevo, tienen los Repro, sin retenciones y megadevaluaci\u00f3n\u201d, resumi\u00f3 a este diario Daniel Santill\u00e1n, secretario general del Sindicato Unico de Trabajadores Qu\u00edmicos y Petroqu\u00edmicos de Fray Luis Beltr\u00e1n.<\/p>\n<p>\u201cEstamos preocupados. En su discurso inaugural de las sesiones parlamentarias, Macri no hizo una sola referencia a la pol\u00edtica industrial. Y esto no pasa en cualquier contexto. Estamos en condiciones de asegurar que en los \u00faltimos meses y especialmente desde la asunci\u00f3n de Macri se perdieron entre 20 y 30 mil puestos de trabajo en el sector metal\u00fargico entre despidos y retiros voluntarios impulsados por las empresas. Esto resiente el mercado interno y expande el efecto negativo a toda la econom\u00eda porque esos trabajadores dejan de consumir\u201d, dijo a P\u00e1gina\/12 Abel Furl\u00e1n, titular de la UOM Campana y diputado nacional (FpV).<\/p>\n<p>Acindar es otra empresa donde la situaci\u00f3n laboral es delicada. Aplic\u00f3 una suspensi\u00f3n total de la planta por diez d\u00edas y discontinu\u00f3 trabajos al interior de la planta, lo que podr\u00eda repercutir en m\u00e1s de 200 despidos de empleados de empresas contratistas. Una de los temas que aparecen en la agenda de la empresa oligop\u00f3lica de acero es la disputa pol\u00edtica con el Gobierno para participar de la obra del soterramiento del ferrocarril Sarmiento, que el macrismo quiere resolver con importaciones de Brasil. Se espera que Acindar reduzca su plantilla en la f\u00e1brica de Navarro.<\/p>\n<p>En Siderca, del Grupo Techint, se da una situaci\u00f3n similar. La empresa despidi\u00f3 a unos 303 trabajadores de firmas contratistas (220 de la empresa Comau y 83 de Loginter) aunque por ahora rige la conciliaci\u00f3n obligatoria en el caso de Loginter. Los trabajadores de la empresa cortaron d\u00edas atr\u00e1s el Puente Z\u00e1rate-Brazo Largo. Siderca emplea a m\u00e1s de 5 mil personas entre planta permanente y tercerizados. La empresa redujo la producci\u00f3n a causa de la crisis global de la industria petrolera, pero adem\u00e1s hay fuentes que aseguran que pretende dar una se\u00f1al al Gobierno porque perder\u00eda el negocio de miles de toneladas de tubos sin costura para la construcci\u00f3n del gasoducto de C\u00f3rdoba, cuyo Gobierno, con el visto bueno de Naci\u00f3n, pretende importar de China.<\/p>\n<p>En el sector alimenticio, a pesar de la fuerte devaluaci\u00f3n del peso y la eliminaci\u00f3n de retenciones, tambi\u00e9n hubo despidos. La empresa Ricedal Alimentos, de la localidad de Chab\u00e1s, despidi\u00f3 a 28 trabajadores. La conciliaci\u00f3n obligatoria sali\u00f3 el martes pero la empresa no est\u00e1 permitiendo el ingreso de los trabajadores. \u201cEs la tercera vez que provocan despidos masivos. En 2013 y 2014 hubo reincorporaciones. No sabemos qu\u00e9 van a hacer ahora\u201d, dijo a este diario Leonel Zuliani, delegado de los trabajadores en la empresa.<\/p>\n<p><strong>Importaciones<\/strong><\/p>\n<p>Las importaciones empiezan a ocupar un papel importante en los problemas de empleo en la industria nacional. Junto a la ca\u00edda del consumo interno, conforma un combo complicado para empresas de l\u00ednea blanca como Bambi, en donde no renovaron contratos de temporada a 55 trabajadores, mientras que en Electrolux la empresa lleg\u00f3 por ahora a un acuerdo con el gremio para reubicar trabajadores de una l\u00ednea de montaje que cerr\u00f3, junto a unos cuantos retiros voluntarios. En la localidad de Firmat, la empresa Meyde, dedicada a la fabricaci\u00f3n de accesorios para cosechadoras, anunci\u00f3 su cierre que afecta a 20 trabajadores, mientras que tambi\u00e9n cerr\u00f3 el frigor\u00edfico Frideco y la curtiembre Sadesa. Y desde hace meses la empresa Vasalli est\u00e1 en una situaci\u00f3n incierta. Los problemas financieros en muchos casos datan de hace bastante, pero el contexto econ\u00f3mico y pol\u00edtico aceler\u00f3 los planes de ajuste de parte del empresariado.<\/p>\n<p>\u201cEst\u00e1n viniendo de a montones cosas de afuera, planchas, licuadoras, batidoras, campanas de freno para autos, camiones, el\u00e1sticos para amortiguadores, disco de freno, electrodom\u00e9sticos chicos. Se par\u00f3 el consumo y aument\u00f3 la energ\u00eda. Esperemos que el Gobierno d\u00e9 un giro porque muchas empresas, no s\u00f3lo metal\u00fargicas y no s\u00f3lo de Rosario, van a tener problemas\u201d, explic\u00f3 a este diario Antonio Donello, secretario general de la UOM-Rosario. Adem\u00e1s del impacto sobre las pymes, tambi\u00e9n Techint mira de cerca el tema de las importaciones, porque su principal competidor en el mundo es China, que produce un 40 por ciento m\u00e1s barato.<\/p>\n<p><strong>Tarifazo<\/strong><\/p>\n<p>El tarifazo en la electricidad golpea a los trabajadores no s\u00f3lo de manera directa por el aumento en las facturas sino a trav\u00e9s de dos v\u00edas indirectas. La primera es la inflaci\u00f3n, porque los servicios p\u00fablicos m\u00e1s caros se transfieren a los precios finales. La segunda es el deterioro de las condiciones de trabajo en las empresas que no pueden soportar los aumentos de costos. Un ejemplo de esta situaci\u00f3n sucede en el sector de fundiciones del cord\u00f3n industrial rosarino. Las empresas ven\u00edan mal pero agravaron su situaci\u00f3n en los \u00faltimos cuatro meses. Por ahora no hay despidos, pero s\u00ed varios intentos de aplicar suspensiones por parte de las empresas Arrom y Fundiciones Mart\u00ednez, una firma de 100 trabajadores en Granadero Baigorria desde donde se quejaron que la factura de luz les subi\u00f3 de 150 a 600 mil pesos. Las grandes empresas tambi\u00e9n se quejan por la quita de subsidios. Acindar, por ejemplo, consume una cantidad de energ\u00eda el\u00e9ctrica similar a la ciudad de Rosario y en el caso del gas, iguala el consumo de la ciudad de Paran\u00e1.<\/p>\n<h6>Fuente: P\u00e1gina 12<\/h6>\n","protected":false},"excerpt":{"rendered":"<p>\u201cPor ahora se ven los costos y no los beneficios de las medidas econ\u00f3micas\u201d, resumi\u00f3 el gobernador de Santa Fe la situaci\u00f3n que empieza a irradiarse en el escenario industrial: el recorte de personal como respuesta a la ca\u00edda de demanda. El cord\u00f3n industrial de la zona de Rosario y el norte de la provincia<\/p>\n","protected":false},"author":2,"featured_media":44157,"comment_status":"closed","ping_status":"closed","sticky":false,"template":"","format":"standard","meta":{"footnotes":""},"categories":[8],"tags":[21],"class_list":["post-44156","post","type-post","status-publish","format-standard","has-post-thumbnail","hentry","category-informe-nacional","tag-argentina"],"_links":{"self":[{"href":"http:\/\/argentinamunicipal.com.ar\/argentina\/wp-json\/wp\/v2\/posts\/44156","targetHints":{"allow":["GET"]}}],"collection":[{"href":"http:\/\/argentinamunicipal.com.ar\/argentina\/wp-json\/wp\/v2\/posts"}],"about":[{"href":"http:\/\/argentinamunicipal.com.ar\/argentina\/wp-json\/wp\/v2\/types\/post"}],"author":[{"embeddable":true,"href":"http:\/\/argentinamunicipal.com.ar\/argentina\/wp-json\/wp\/v2\/users\/2"}],"replies":[{"embeddable":true,"href":"http:\/\/argentinamunicipal.com.ar\/argentina\/wp-json\/wp\/v2\/comments?post=44156"}],"version-history":[{"count":0,"href":"http:\/\/argentinamunicipal.com.ar\/argentina\/wp-json\/wp\/v2\/posts\/44156\/revisions"}],"wp:featuredmedia":[{"embeddable":true,"href":"http:\/\/argentinamunicipal.com.ar\/argentina\/wp-json\/wp\/v2\/media\/44157"}],"wp:attachment":[{"href":"http:\/\/argentinamunicipal.com.ar\/argentina\/wp-json\/wp\/v2\/media?parent=44156"}],"wp:term":[{"taxonomy":"category","embeddable":true,"href":"http:\/\/argentinamunicipal.com.ar\/argentina\/wp-json\/wp\/v2\/categories?post=44156"},{"taxonomy":"post_tag","embeddable":true,"href":"http:\/\/argentinamunicipal.com.ar\/argentina\/wp-json\/wp\/v2\/tags?post=44156"}],"curies":[{"name":"wp","href":"https:\/\/api.w.org\/{rel}","templated":true}]}}