{"id":44174,"date":"2016-03-08T06:35:14","date_gmt":"2016-03-08T09:35:14","guid":{"rendered":"http:\/\/argentinamunicipal.com.ar\/argentina\/?p=44174"},"modified":"2016-03-08T06:35:14","modified_gmt":"2016-03-08T09:35:14","slug":"trenque-lauquen-sangria-funcionarios-gabinete-del-intendente-fernandez","status":"publish","type":"post","link":"http:\/\/argentinamunicipal.com.ar\/argentina\/trenque-lauquen-sangria-funcionarios-gabinete-del-intendente-fernandez\/","title":{"rendered":"Trenque Lauquen: Sangr\u00eda de funcionarios en el gabinete del Intendente Fern\u00e1ndez"},"content":{"rendered":"<p><a href=\"http:\/\/argentinamunicipal.com.ar\/argentina\/wp-content\/uploads\/2016\/03\/0000000000que_lauquen.jpg\"><img loading=\"lazy\" decoding=\"async\" class=\"alignleft size-full wp-image-44175\" src=\"http:\/\/argentinamunicipal.com.ar\/argentina\/wp-content\/uploads\/2016\/03\/0000000000que_lauquen.jpg\" alt=\"0000000000que_lauquen\" width=\"320\" height=\"200\" srcset=\"http:\/\/argentinamunicipal.com.ar\/argentina\/wp-content\/uploads\/2016\/03\/0000000000que_lauquen.jpg 320w, http:\/\/argentinamunicipal.com.ar\/argentina\/wp-content\/uploads\/2016\/03\/0000000000que_lauquen-300x188.jpg 300w\" sizes=\"auto, (max-width: 320px) 100vw, 320px\" \/><\/a>En los \u00faltimos d\u00edas, y a poco de comenzar la nueva gesti\u00f3n, ya elevaron su renuncia el director de Higiene Urbana, N\u00e9stor C\u00f3ccaro; el director de Protecci\u00f3n Ciudadana, Hugo Cuerda y la directora de Cultura, Patricia Urizar.<\/p>\n<p>\u00abA veces se producen situaciones personales. De las tres bajas, sab\u00edamos que Hugo Cuerda era provisorio y que ten\u00eda otras posibilidades\u00bb, se\u00f1al\u00f3\u00a0 Juan Sim\u00f3n P\u00e9rez, Secretario de Gobierno de Trenque Lauquen.<\/p>\n<p>Y agreg\u00f3,\u00a0en declaraciones radiales: \u00abNo es lo mismo el caso de C\u00f3ccaro, que adujo cuestiones personales, pero que pueden ser de funcionamiento en el \u00e1rea de la que depende Higiene Urbana. En el caso de Patricia no he tenido todav\u00eda oportunidad de conversar con ella, ya que la renuncia fue presentada el viernes y yo me encontraba en la capital provincial\u00bb.<\/p>\n<p>A menos de 3 meses de asumir la gesti\u00f3n Fern\u00e1ndez,\u00a0ya renunciaron el director de Higiene Urbana, N\u00e9storC\u00f3ccaro; el director de Protecci\u00f3n Ciudadana, HugoCuerda y la directora de Cultura, Patricia Urizar. El primero en presentar su dimisi\u00f3n fue Jos\u00e9 Ferreira que ya hab\u00eda sido designado titular del Consejo Escolar.<\/p>\n<h6>Fuente: La noticia 1.com<\/h6>\n","protected":false},"excerpt":{"rendered":"<p>En los \u00faltimos d\u00edas, y a poco de comenzar la nueva gesti\u00f3n, ya elevaron su renuncia el director de Higiene Urbana, N\u00e9stor C\u00f3ccaro; el director de Protecci\u00f3n Ciudadana, Hugo Cuerda y la directora de Cultura, Patricia Urizar. \u00abA veces se producen situaciones personales. De las tres bajas, sab\u00edamos que Hugo Cuerda era provisorio y que<\/p>\n","protected":false},"author":2,"featured_media":44175,"comment_status":"closed","ping_status":"closed","sticky":false,"template":"","format":"standard","meta":{"footnotes":""},"categories":[4],"tags":[12],"class_list":["post-44174","post","type-post","status-publish","format-standard","has-post-thumbnail","hentry","category-informe-politico","tag-buenos-aires"],"_links":{"self":[{"href":"http:\/\/argentinamunicipal.com.ar\/argentina\/wp-json\/wp\/v2\/posts\/44174","targetHints":{"allow":["GET"]}}],"collection":[{"href":"http:\/\/argentinamunicipal.com.ar\/argentina\/wp-json\/wp\/v2\/posts"}],"about":[{"href":"http:\/\/argentinamunicipal.com.ar\/argentina\/wp-json\/wp\/v2\/types\/post"}],"author":[{"embeddable":true,"href":"http:\/\/argentinamunicipal.com.ar\/argentina\/wp-json\/wp\/v2\/users\/2"}],"replies":[{"embeddable":true,"href":"http:\/\/argentinamunicipal.com.ar\/argentina\/wp-json\/wp\/v2\/comments?post=44174"}],"version-history":[{"count":0,"href":"http:\/\/argentinamunicipal.com.ar\/argentina\/wp-json\/wp\/v2\/posts\/44174\/revisions"}],"wp:featuredmedia":[{"embeddable":true,"href":"http:\/\/argentinamunicipal.com.ar\/argentina\/wp-json\/wp\/v2\/media\/44175"}],"wp:attachment":[{"href":"http:\/\/argentinamunicipal.com.ar\/argentina\/wp-json\/wp\/v2\/media?parent=44174"}],"wp:term":[{"taxonomy":"category","embeddable":true,"href":"http:\/\/argentinamunicipal.com.ar\/argentina\/wp-json\/wp\/v2\/categories?post=44174"},{"taxonomy":"post_tag","embeddable":true,"href":"http:\/\/argentinamunicipal.com.ar\/argentina\/wp-json\/wp\/v2\/tags?post=44174"}],"curies":[{"name":"wp","href":"https:\/\/api.w.org\/{rel}","templated":true}]}}