{"id":44186,"date":"2016-03-08T06:59:10","date_gmt":"2016-03-08T09:59:10","guid":{"rendered":"http:\/\/argentinamunicipal.com.ar\/argentina\/?p=44186"},"modified":"2016-03-08T06:59:10","modified_gmt":"2016-03-08T09:59:10","slug":"parque-industrial-regional-san-justo-ya-comercializo-60-los-lotes-disponibles","status":"publish","type":"post","link":"http:\/\/argentinamunicipal.com.ar\/argentina\/parque-industrial-regional-san-justo-ya-comercializo-60-los-lotes-disponibles\/","title":{"rendered":"El Parque Industrial Regional de San Justo ya comercializ\u00f3 60% de los lotes disponibles"},"content":{"rendered":"<p><a href=\"http:\/\/argentinamunicipal.com.ar\/argentina\/wp-content\/uploads\/2016\/03\/230169_img.jpg\"><img loading=\"lazy\" decoding=\"async\" class=\"aligncenter  wp-image-44187\" src=\"http:\/\/argentinamunicipal.com.ar\/argentina\/wp-content\/uploads\/2016\/03\/230169_img.jpg\" alt=\"230169_img\" width=\"656\" height=\"395\" srcset=\"http:\/\/argentinamunicipal.com.ar\/argentina\/wp-content\/uploads\/2016\/03\/230169_img.jpg 870w, http:\/\/argentinamunicipal.com.ar\/argentina\/wp-content\/uploads\/2016\/03\/230169_img-300x180.jpg 300w, http:\/\/argentinamunicipal.com.ar\/argentina\/wp-content\/uploads\/2016\/03\/230169_img-768x462.jpg 768w\" sizes=\"auto, (max-width: 656px) 100vw, 656px\" \/><\/a><br \/>\nLos intendentes que administran el predio se reunieron con el ministro de Industria, Roberto Avalle, y le anticiparon la inminente inauguraci\u00f3n de este megacomplejo fabril.<\/p>\n<p>En el marco de una reuni\u00f3n que mantuvieron ayer con el ministro de Industria, Comercio y Miner\u00eda, Roberto Avalle, los intendentes de las localidades de Brikmann, Porte\u00f1a, Seeber y La Paquita confirmaron la inminente inauguraci\u00f3n del Parque Industrial Regional del Nordeste que construyeron los mencionados municipios con el apoyo de la Provincia.<\/p>\n<p>El mencionado predio constituye un ejemplo de asociatividad y trabajo en conjunto entre las cuatro localidades que unieron esfuerzos para promover el desarrollo industrial de sus pueblos y de la regi\u00f3n en su conjunto.<\/p>\n<p>En el encuentro, Avalle destac\u00f3 la importancia \u201cdel trabajo asociativo entre intendencias, m\u00e1s all\u00e1 de la pertenencia a diferentes signos pol\u00edticos, en pos del bien com\u00fan de la regi\u00f3n\u201d. El titular de la cartera productiva remarc\u00f3 el fortalecimiento y puesta en valor de la zona \u201cpara lograr la radicaci\u00f3n industrial que derive en m\u00e1s fuentes de trabajo e impacte positivamente en el desarrollo regional\u201d, se\u00f1al\u00f3.<\/p>\n<p>Los intendentes adelantaron que en los pr\u00f3ximos d\u00edas anunciar\u00e1n la inauguraci\u00f3n oficial del predio fabril que hoy tiene vendido el 60% de los lotes a empresas de la regi\u00f3n. Este Parque Industrial Regional est\u00e1 ubicado a pocos metros del cruce de Rutas 1 y 17, en el departamento San Justo.<\/p>\n<p>En el encuentro estuvieron presentes, adem\u00e1s, el secretario de Industria, Pablo De Chiara, y los intendentes de Brinkmann, Gustavo T\u00e9vez; de Porte\u00f1a, Carlos Baigorria; de La Paquita, Rub\u00e9n Para, y de Seeber, Edigio Ferrero.<\/p>\n<p>En C\u00f3rdoba, la creaci\u00f3n de Parques Industriales se encuentra regulada a trav\u00e9s de la Ley Provincial N\u00ba 7255 sancionada en 1985. Existen m\u00e1s de 20 emprendimientos en otras tantas localidades y el de San Justo es el \u00fanico que tiene caracter\u00edsticas de regional o intermunicipal. Los Parques Industriales fomentan la radicaci\u00f3n de empresas para el desarrollo de la actividad fabril sin afectar al entramado residencial. Adem\u00e1s, ayudan a la planificaci\u00f3n de los municipios y la concentraci\u00f3n de los servicios de alta demanda.<\/p>\n<h6>Fuente: La Ma\u00f1ana de C\u00f3rdoba<\/h6>\n","protected":false},"excerpt":{"rendered":"<p>Los intendentes que administran el predio se reunieron con el ministro de Industria, Roberto Avalle, y le anticiparon la inminente inauguraci\u00f3n de este megacomplejo fabril. En el marco de una reuni\u00f3n que mantuvieron ayer con el ministro de Industria, Comercio y Miner\u00eda, Roberto Avalle, los intendentes de las localidades de Brikmann, Porte\u00f1a, Seeber y La<\/p>\n","protected":false},"author":2,"featured_media":44187,"comment_status":"closed","ping_status":"closed","sticky":false,"template":"","format":"standard","meta":{"footnotes":""},"categories":[2],"tags":[3],"class_list":["post-44186","post","type-post","status-publish","format-standard","has-post-thumbnail","hentry","category-informe-municipal","tag-cordoba"],"_links":{"self":[{"href":"http:\/\/argentinamunicipal.com.ar\/argentina\/wp-json\/wp\/v2\/posts\/44186","targetHints":{"allow":["GET"]}}],"collection":[{"href":"http:\/\/argentinamunicipal.com.ar\/argentina\/wp-json\/wp\/v2\/posts"}],"about":[{"href":"http:\/\/argentinamunicipal.com.ar\/argentina\/wp-json\/wp\/v2\/types\/post"}],"author":[{"embeddable":true,"href":"http:\/\/argentinamunicipal.com.ar\/argentina\/wp-json\/wp\/v2\/users\/2"}],"replies":[{"embeddable":true,"href":"http:\/\/argentinamunicipal.com.ar\/argentina\/wp-json\/wp\/v2\/comments?post=44186"}],"version-history":[{"count":0,"href":"http:\/\/argentinamunicipal.com.ar\/argentina\/wp-json\/wp\/v2\/posts\/44186\/revisions"}],"wp:featuredmedia":[{"embeddable":true,"href":"http:\/\/argentinamunicipal.com.ar\/argentina\/wp-json\/wp\/v2\/media\/44187"}],"wp:attachment":[{"href":"http:\/\/argentinamunicipal.com.ar\/argentina\/wp-json\/wp\/v2\/media?parent=44186"}],"wp:term":[{"taxonomy":"category","embeddable":true,"href":"http:\/\/argentinamunicipal.com.ar\/argentina\/wp-json\/wp\/v2\/categories?post=44186"},{"taxonomy":"post_tag","embeddable":true,"href":"http:\/\/argentinamunicipal.com.ar\/argentina\/wp-json\/wp\/v2\/tags?post=44186"}],"curies":[{"name":"wp","href":"https:\/\/api.w.org\/{rel}","templated":true}]}}