{"id":44241,"date":"2016-03-09T07:03:42","date_gmt":"2016-03-09T10:03:42","guid":{"rendered":"http:\/\/argentinamunicipal.com.ar\/argentina\/?p=44241"},"modified":"2016-03-09T07:03:42","modified_gmt":"2016-03-09T10:03:42","slug":"avanza-la-conformacion-del-foro-intendentes-cambiemos","status":"publish","type":"post","link":"http:\/\/argentinamunicipal.com.ar\/argentina\/avanza-la-conformacion-del-foro-intendentes-cambiemos\/","title":{"rendered":"Avanza la conformaci\u00f3n del foro de intendentes de Cambiemos"},"content":{"rendered":"<div id=\"attachment_44242\" style=\"width: 650px\" class=\"wp-caption aligncenter\"><a href=\"http:\/\/argentinamunicipal.com.ar\/argentina\/wp-content\/uploads\/2016\/03\/178496_1.jpg\"><img loading=\"lazy\" decoding=\"async\" aria-describedby=\"caption-attachment-44242\" class=\"size-full wp-image-44242\" src=\"http:\/\/argentinamunicipal.com.ar\/argentina\/wp-content\/uploads\/2016\/03\/178496_1.jpg\" alt=\"La reuni\u00f3n se llev\u00f3 a cabo en La Plata.\" width=\"640\" height=\"350\" srcset=\"http:\/\/argentinamunicipal.com.ar\/argentina\/wp-content\/uploads\/2016\/03\/178496_1.jpg 640w, http:\/\/argentinamunicipal.com.ar\/argentina\/wp-content\/uploads\/2016\/03\/178496_1-300x164.jpg 300w\" sizes=\"auto, (max-width: 640px) 100vw, 640px\" \/><\/a><p id=\"caption-attachment-44242\" class=\"wp-caption-text\">La reuni\u00f3n se llev\u00f3 a cabo en La Plata.<\/p><\/div>\n<p>Se desarroll\u00f3 una nueva reuni\u00f3n que fue encabezada por el vicegobernador Daniel Salvador y el ministro de Gobierno Federico Salvai.<\/p>\n<p>Al encuentro en La Plata asistieron los intendentes de Lan\u00fas, N\u00e9stor Grindetti; Mor\u00f3n, Ramiro Tagliaferro (Mor\u00f3n); y Jorge Macri (Vicente L\u00f3pez), los interlocutores elegidos para avanzar en las reuniones preparatorias del futuro \u201cforo de intendentes de Cambiemos\u201d que estar\u00e1 integrado por mandatarios comunales del PRO y la UCR.<\/p>\n<p>El 18 de marzo, los tres jefes comunales asistir\u00e1n a la reuni\u00f3n de los intendentes radicales y all\u00ed conversar\u00e1n sobre la realidad de ambos espacios y pondr\u00e1n fecha para la conformaci\u00f3n del nuevo foro de Cambiemos.<\/p>\n<h6>Fuente: InfoRegi\u00f3n<\/h6>\n","protected":false},"excerpt":{"rendered":"<p>Se desarroll\u00f3 una nueva reuni\u00f3n que fue encabezada por el vicegobernador Daniel Salvador y el ministro de Gobierno Federico Salvai. Al encuentro en La Plata asistieron los intendentes de Lan\u00fas, N\u00e9stor Grindetti; Mor\u00f3n, Ramiro Tagliaferro (Mor\u00f3n); y Jorge Macri (Vicente L\u00f3pez), los interlocutores elegidos para avanzar en las reuniones preparatorias del futuro \u201cforo de intendentes<\/p>\n","protected":false},"author":2,"featured_media":44242,"comment_status":"closed","ping_status":"closed","sticky":false,"template":"","format":"standard","meta":{"footnotes":""},"categories":[4],"tags":[12],"class_list":["post-44241","post","type-post","status-publish","format-standard","has-post-thumbnail","hentry","category-informe-politico","tag-buenos-aires"],"_links":{"self":[{"href":"http:\/\/argentinamunicipal.com.ar\/argentina\/wp-json\/wp\/v2\/posts\/44241","targetHints":{"allow":["GET"]}}],"collection":[{"href":"http:\/\/argentinamunicipal.com.ar\/argentina\/wp-json\/wp\/v2\/posts"}],"about":[{"href":"http:\/\/argentinamunicipal.com.ar\/argentina\/wp-json\/wp\/v2\/types\/post"}],"author":[{"embeddable":true,"href":"http:\/\/argentinamunicipal.com.ar\/argentina\/wp-json\/wp\/v2\/users\/2"}],"replies":[{"embeddable":true,"href":"http:\/\/argentinamunicipal.com.ar\/argentina\/wp-json\/wp\/v2\/comments?post=44241"}],"version-history":[{"count":0,"href":"http:\/\/argentinamunicipal.com.ar\/argentina\/wp-json\/wp\/v2\/posts\/44241\/revisions"}],"wp:featuredmedia":[{"embeddable":true,"href":"http:\/\/argentinamunicipal.com.ar\/argentina\/wp-json\/wp\/v2\/media\/44242"}],"wp:attachment":[{"href":"http:\/\/argentinamunicipal.com.ar\/argentina\/wp-json\/wp\/v2\/media?parent=44241"}],"wp:term":[{"taxonomy":"category","embeddable":true,"href":"http:\/\/argentinamunicipal.com.ar\/argentina\/wp-json\/wp\/v2\/categories?post=44241"},{"taxonomy":"post_tag","embeddable":true,"href":"http:\/\/argentinamunicipal.com.ar\/argentina\/wp-json\/wp\/v2\/tags?post=44241"}],"curies":[{"name":"wp","href":"https:\/\/api.w.org\/{rel}","templated":true}]}}