{"id":44244,"date":"2016-03-09T07:07:43","date_gmt":"2016-03-09T10:07:43","guid":{"rendered":"http:\/\/argentinamunicipal.com.ar\/argentina\/?p=44244"},"modified":"2016-03-09T07:07:43","modified_gmt":"2016-03-09T10:07:43","slug":"san-antonio-areco-multan-concejales-la-oposicion-no-asistir-sesiones","status":"publish","type":"post","link":"http:\/\/argentinamunicipal.com.ar\/argentina\/san-antonio-areco-multan-concejales-la-oposicion-no-asistir-sesiones\/","title":{"rendered":"San Antonio de Areco: multan a concejales de la oposici\u00f3n por no asistir a sesiones"},"content":{"rendered":"<p><a href=\"http:\/\/argentinamunicipal.com.ar\/argentina\/wp-content\/uploads\/2016\/03\/20160307165814_san_antonio_de_areco.jpg\"><img loading=\"lazy\" decoding=\"async\" class=\"aligncenter size-full wp-image-44245\" src=\"http:\/\/argentinamunicipal.com.ar\/argentina\/wp-content\/uploads\/2016\/03\/20160307165814_san_antonio_de_areco.jpg\" alt=\"20160307165814_san_antonio_de_areco\" width=\"620\" height=\"340\" srcset=\"http:\/\/argentinamunicipal.com.ar\/argentina\/wp-content\/uploads\/2016\/03\/20160307165814_san_antonio_de_areco.jpg 620w, http:\/\/argentinamunicipal.com.ar\/argentina\/wp-content\/uploads\/2016\/03\/20160307165814_san_antonio_de_areco-300x165.jpg 300w\" sizes=\"auto, (max-width: 620px) 100vw, 620px\" \/><\/a><br \/>\nEl legislativo de San Antonio de Areco, distrito que dirige Francisco Dura\u00f1ona, decidi\u00f3 multar por 6000 pesos a los concejales de la oposici\u00f3n que no asistieron a una sesi\u00f3n en la que se trat\u00f3 el aumento de tasas.<\/p>\n<p>La sanci\u00f3n por el monto de 6000 pesos se debe a que algunos ediles faltaron a la sesi\u00f3n de Mayores Contribuyentes en la que se trat\u00f3 el aumento de tasas municipales.<\/p>\n<p>El descuento fue percibido por los representantes del Legislativo en el sueldo de marzo. La oposici\u00f3n decidi\u00f3 reunirse para obtener informaci\u00f3n sobre la medida que catalogaron como \u00abilegal\u00bb.<\/p>\n<p>Finalmente, seg\u00fan public\u00f3 el medio FM10Sarmiento, desde la presidencia del Concejo Deliberante tambi\u00e9n podr\u00edan aplicar una sanci\u00f3n similar a los Mayores Contribuyentes que no asistieron a la misma sesi\u00f3n que se llev\u00f3 a cabo el \u00faltimo 7 de enero.<\/p>\n<h6>Fuente: InfoCielo<\/h6>\n","protected":false},"excerpt":{"rendered":"<p>El legislativo de San Antonio de Areco, distrito que dirige Francisco Dura\u00f1ona, decidi\u00f3 multar por 6000 pesos a los concejales de la oposici\u00f3n que no asistieron a una sesi\u00f3n en la que se trat\u00f3 el aumento de tasas. La sanci\u00f3n por el monto de 6000 pesos se debe a que algunos ediles faltaron a la<\/p>\n","protected":false},"author":2,"featured_media":44245,"comment_status":"closed","ping_status":"closed","sticky":false,"template":"","format":"standard","meta":{"footnotes":""},"categories":[4],"tags":[12],"class_list":["post-44244","post","type-post","status-publish","format-standard","has-post-thumbnail","hentry","category-informe-politico","tag-buenos-aires"],"_links":{"self":[{"href":"http:\/\/argentinamunicipal.com.ar\/argentina\/wp-json\/wp\/v2\/posts\/44244","targetHints":{"allow":["GET"]}}],"collection":[{"href":"http:\/\/argentinamunicipal.com.ar\/argentina\/wp-json\/wp\/v2\/posts"}],"about":[{"href":"http:\/\/argentinamunicipal.com.ar\/argentina\/wp-json\/wp\/v2\/types\/post"}],"author":[{"embeddable":true,"href":"http:\/\/argentinamunicipal.com.ar\/argentina\/wp-json\/wp\/v2\/users\/2"}],"replies":[{"embeddable":true,"href":"http:\/\/argentinamunicipal.com.ar\/argentina\/wp-json\/wp\/v2\/comments?post=44244"}],"version-history":[{"count":0,"href":"http:\/\/argentinamunicipal.com.ar\/argentina\/wp-json\/wp\/v2\/posts\/44244\/revisions"}],"wp:featuredmedia":[{"embeddable":true,"href":"http:\/\/argentinamunicipal.com.ar\/argentina\/wp-json\/wp\/v2\/media\/44245"}],"wp:attachment":[{"href":"http:\/\/argentinamunicipal.com.ar\/argentina\/wp-json\/wp\/v2\/media?parent=44244"}],"wp:term":[{"taxonomy":"category","embeddable":true,"href":"http:\/\/argentinamunicipal.com.ar\/argentina\/wp-json\/wp\/v2\/categories?post=44244"},{"taxonomy":"post_tag","embeddable":true,"href":"http:\/\/argentinamunicipal.com.ar\/argentina\/wp-json\/wp\/v2\/tags?post=44244"}],"curies":[{"name":"wp","href":"https:\/\/api.w.org\/{rel}","templated":true}]}}