{"id":44295,"date":"2016-03-10T06:28:30","date_gmt":"2016-03-10T09:28:30","guid":{"rendered":"http:\/\/argentinamunicipal.com.ar\/argentina\/?p=44295"},"modified":"2016-03-10T06:28:30","modified_gmt":"2016-03-10T09:28:30","slug":"coronel-rosales-quiere-regular-la-actividad-los-cartoneros","status":"publish","type":"post","link":"http:\/\/argentinamunicipal.com.ar\/argentina\/coronel-rosales-quiere-regular-la-actividad-los-cartoneros\/","title":{"rendered":"Coronel Rosales quiere regular la actividad de los cartoneros"},"content":{"rendered":"<p><a href=\"http:\/\/argentinamunicipal.com.ar\/argentina\/wp-content\/uploads\/2016\/03\/cartonero4-lores.jpg\"><img loading=\"lazy\" decoding=\"async\" class=\"aligncenter size-full wp-image-44296\" src=\"http:\/\/argentinamunicipal.com.ar\/argentina\/wp-content\/uploads\/2016\/03\/cartonero4-lores.jpg\" alt=\"cartonero4-lores\" width=\"528\" height=\"371\" srcset=\"http:\/\/argentinamunicipal.com.ar\/argentina\/wp-content\/uploads\/2016\/03\/cartonero4-lores.jpg 528w, http:\/\/argentinamunicipal.com.ar\/argentina\/wp-content\/uploads\/2016\/03\/cartonero4-lores-300x211.jpg 300w\" sizes=\"auto, (max-width: 528px) 100vw, 528px\" \/><\/a><br \/>\nSe est\u00e1n llevando a cabo reuniones y se realizan convocatorias para tomar los datos necesarios en el \u00e1rea de Tr\u00e1nsito.<\/p>\n<p>El gobierno municipal, mediante el \u00e1rea de Tr\u00e1nsito y Transporte, mantiene reuniones con los trabajadores informales que realizan su actividad en las calles con carros de tracci\u00f3n a caballo.<\/p>\n<p>Esto se lleva adelante a partir del accidente ocurrido d\u00edas atr\u00e1s en las calles internas del Parque San Mart\u00edn, donde fueron protagonistas un veh\u00edculo con varios j\u00f3venes a bordo que resultaron con lesiones, y uno de estos antiguos medios de transporte.<\/p>\n<p>Lo que se pretende es realizar un relevamiento de la cantidad de personas que cumplen con este trabajo en la v\u00eda p\u00fablica, establecer ciertas reglas para los conductores y fijar horarios.<\/p>\n<p>Rub\u00e9n Gonz\u00e1lez, responsable de la direcci\u00f3n de Tr\u00e1nsito y Transporte, dijo a La Nueva. que esta semana tuvimos una primera reuni\u00f3n con la gente que se dedica a la recolecci\u00f3n en las calles de residuos y desechos que se originan en los comercios.<\/p>\n<p>Sostuvo que en una instancia inicial se determinaron lineamientos para no permitir la conducci\u00f3n de estos carros por parte de los menores de edad.<\/p>\n<p>\u00abSi esto es registrado por los inspectores ser\u00e1 causal de secuestro del animal y del carro. Se est\u00e1n presentado las personas ligadas a esta actividad en el predio de Mitre 850 para ser debidamente identificado el carro en el cual se movilizaban, el caballo y el conductor. Ser\u00e1n adecuadas las medidas de seguridad, como cintas reflectivas en los laterales y a corto plazo deber\u00e1n contar con luces delanteras y traseras, alimentadas por una bater\u00eda\u00bb.<\/p>\n<p>Mencion\u00f3 que durante el \u00faltimo fin de semana se contactaron con ocho personas vinculadas con la actividad y se estima que existen otras seis que no ingresan al casco c\u00e9ntrico, sino que cumplen con su trabajo en la periferia.<\/p>\n<p>Dijo que los trabajadores tambi\u00e9n deber\u00e1n pasar por la oficina de Tr\u00e1nsito, en Brown 745, de lunes a viernes, de 7.30 a 13, y luego lo har\u00e1n por Mitre 850.<\/p>\n<p>\u00abEn el primer encuentro, la gente plante\u00f3 que tiene horarios diferentes para efectuar su tarea. El Estado deber\u00e1 unificar y consensuar las necesidades, una vez que se escuche a todos, y utilizar un \u00fanico criterio y estipular los horarios\u00bb.<\/p>\n<p>\u00abLo que m\u00e1s nos interesa en este momento son las medidas de seguridad. La mayor\u00eda de estas personas se dedica a la b\u00fasqueda de alimentos para la cr\u00eda de animales. Tambi\u00e9n buscan cartones o cirujeo en general, pero la mayor cantidad es por alimentos para cerdos en las verduler\u00edas y otros comercios\u00bb, dijo.<\/p>\n<p>\u00abSe apela a la seguridad de todos. A la de los conductores de veh\u00edculos particulares y a la de ellos mismos que trabajan en las calles\u00bb, acot\u00f3.<\/p>\n<h6>Fuente: La Nueva<\/h6>\n","protected":false},"excerpt":{"rendered":"<p>Se est\u00e1n llevando a cabo reuniones y se realizan convocatorias para tomar los datos necesarios en el \u00e1rea de Tr\u00e1nsito. El gobierno municipal, mediante el \u00e1rea de Tr\u00e1nsito y Transporte, mantiene reuniones con los trabajadores informales que realizan su actividad en las calles con carros de tracci\u00f3n a caballo. Esto se lleva adelante a partir<\/p>\n","protected":false},"author":2,"featured_media":44296,"comment_status":"closed","ping_status":"closed","sticky":false,"template":"","format":"standard","meta":{"footnotes":""},"categories":[2],"tags":[12],"class_list":["post-44295","post","type-post","status-publish","format-standard","has-post-thumbnail","hentry","category-informe-municipal","tag-buenos-aires"],"_links":{"self":[{"href":"http:\/\/argentinamunicipal.com.ar\/argentina\/wp-json\/wp\/v2\/posts\/44295","targetHints":{"allow":["GET"]}}],"collection":[{"href":"http:\/\/argentinamunicipal.com.ar\/argentina\/wp-json\/wp\/v2\/posts"}],"about":[{"href":"http:\/\/argentinamunicipal.com.ar\/argentina\/wp-json\/wp\/v2\/types\/post"}],"author":[{"embeddable":true,"href":"http:\/\/argentinamunicipal.com.ar\/argentina\/wp-json\/wp\/v2\/users\/2"}],"replies":[{"embeddable":true,"href":"http:\/\/argentinamunicipal.com.ar\/argentina\/wp-json\/wp\/v2\/comments?post=44295"}],"version-history":[{"count":0,"href":"http:\/\/argentinamunicipal.com.ar\/argentina\/wp-json\/wp\/v2\/posts\/44295\/revisions"}],"wp:featuredmedia":[{"embeddable":true,"href":"http:\/\/argentinamunicipal.com.ar\/argentina\/wp-json\/wp\/v2\/media\/44296"}],"wp:attachment":[{"href":"http:\/\/argentinamunicipal.com.ar\/argentina\/wp-json\/wp\/v2\/media?parent=44295"}],"wp:term":[{"taxonomy":"category","embeddable":true,"href":"http:\/\/argentinamunicipal.com.ar\/argentina\/wp-json\/wp\/v2\/categories?post=44295"},{"taxonomy":"post_tag","embeddable":true,"href":"http:\/\/argentinamunicipal.com.ar\/argentina\/wp-json\/wp\/v2\/tags?post=44295"}],"curies":[{"name":"wp","href":"https:\/\/api.w.org\/{rel}","templated":true}]}}