{"id":44336,"date":"2016-03-10T08:10:22","date_gmt":"2016-03-10T11:10:22","guid":{"rendered":"http:\/\/argentinamunicipal.com.ar\/argentina\/?p=44336"},"modified":"2016-03-10T08:10:22","modified_gmt":"2016-03-10T11:10:22","slug":"gobierno-recibe-los-gobernadores-reclamo-mas-fondos-la-coparticipacion","status":"publish","type":"post","link":"http:\/\/argentinamunicipal.com.ar\/argentina\/gobierno-recibe-los-gobernadores-reclamo-mas-fondos-la-coparticipacion\/","title":{"rendered":"El Gobierno recibe a los gobernadores por el reclamo de m\u00e1s fondos de la coparticipaci\u00f3n"},"content":{"rendered":"<p><a href=\"http:\/\/argentinamunicipal.com.ar\/argentina\/wp-content\/uploads\/2016\/03\/56db7ff483260.jpg\"><img loading=\"lazy\" decoding=\"async\" class=\"aligncenter  wp-image-44337\" src=\"http:\/\/argentinamunicipal.com.ar\/argentina\/wp-content\/uploads\/2016\/03\/56db7ff483260.jpg\" alt=\"56db7ff483260\" width=\"686\" height=\"386\" srcset=\"http:\/\/argentinamunicipal.com.ar\/argentina\/wp-content\/uploads\/2016\/03\/56db7ff483260.jpg 770w, http:\/\/argentinamunicipal.com.ar\/argentina\/wp-content\/uploads\/2016\/03\/56db7ff483260-300x169.jpg 300w, http:\/\/argentinamunicipal.com.ar\/argentina\/wp-content\/uploads\/2016\/03\/56db7ff483260-768x432.jpg 768w\" sizes=\"auto, (max-width: 686px) 100vw, 686px\" \/><\/a><br \/>\nLa reuni\u00f3n, convocada para las 11.30, es clave para la administraci\u00f3n de Macri porque se da en paralelo con la necesidad de apoyo legislativo a la resoluci\u00f3n del litigio con los fondos buitre. Previamente, a las 9, habr\u00e1 una cumbre peronista en la Casa de Salta.<\/p>\n<p>El ministro del Interior, Obras P\u00fablicas y Vivienda, Rogelio Frigerio, encabezar\u00e1 hoy una reuni\u00f3n con todos los gobernadores para analizar las modalidades de devoluci\u00f3n de los recursos coparticipables retenidos para financiar a la ANSeS (15%) y tambi\u00e9n a la AFIP (1,9%). Se prev\u00e9 la participaci\u00f3n de los 23 gobernadores de las provincias y el jefe de Gobierno porte\u00f1o, Horacio Rodr\u00edguez Larreta. No se descarta la presencia de Macri.<\/p>\n<p>En la previa,\u00a0Rogelio Frigerio\u00a0afirm\u00f3\u00a0que \u00ablas provincias tienen el derecho de reclamar por lo que les corresponde\u00bb en referencia a las negociaciones por los recursos coparticipables mientras que el jefe de Gabinete, Marcos Pe\u00f1a, resalt\u00f3 que la pol\u00edtica de \u00abdi\u00e1logo permanente\u00bb es reconocida por los mandatarios provinciales.<\/p>\n<p>Pe\u00f1a sostuvo que que las relaciones que la Casa Rosada mantiene con los mandatarios provinciales que no responden a Cambiemos es de \u201cun di\u00e1logo permanente\u201d.<\/p>\n<p>Sobre uno de los temas que genera mayor pol\u00e9mica entre los gobernadores, como es la derogaci\u00f3n de la ley Cerrojo exigida por el juez estadounidense Thomas Griesa para cerrar el litigio con los fondos buitre, Pe\u00f1a les record\u00f3 a los mandatarios que \u201cla salida del sistema de finanzas significa menos cr\u00e9dito barato para que la gente pueda comprar una casa, menos cr\u00e9dito para que la PYME pueda financiar su producci\u00f3n, menos cr\u00e9dito para la obra p\u00fablica en las provincias\u201d.<\/p>\n<p>Esta discusi\u00f3n es clave para el Gobierno porque se da en paralelo con la necesidad de apoyo legislativo a la resoluci\u00f3n del litigio con los fondos buitre.<\/p>\n<p>En tanto, Frigerio remarc\u00f3 la importancia de \u00absaldar deudas para recuperar el cr\u00e9dito a tasas bajas\u00bb y se refiri\u00f3 a las negociaciones por fondos coparticipables se\u00f1alando que \u00ablas provincias tienen el derecho de reclamar por lo que les corresponde\u00bb.<\/p>\n<p>Frigerio tambi\u00e9n se\u00f1al\u00f3 que \u00abel mandato de Macri es reformar la Ley de Coparticipaci\u00f3n\u00bb.\u00a0El Presidente est\u00e1 \u00abconstruyendo un pa\u00eds federal y sus socios naturales son los 24 gobernadores de la Argentina\u201d, asever\u00f3 el ministro del Interior, quien adem\u00e1s remat\u00f3: \u201cEl desaf\u00edo es complejo porque si en algo hemos retrocedido es en federalismo, la Argentina se ha transformado pr\u00e1cticamente en un pa\u00eds unitario\u201d.<\/p>\n<p><strong>La previa peronista<\/strong><\/p>\n<p>Previamente, a las 9, un grupo de gobernadores peronistas se reunir\u00e1n en la Casa de Salta(Roque S\u00e1enz Pe\u00f1a 933).\u00a0All\u00ed, Juan Manuel Urtubey ser\u00e1 el anfitri\u00f3n de la cumbre entre los l\u00edderes provinciales, los diputados nacionales del Bloque Justicialista y el jefe de bloque de senadores FPV, Miguel \u00c1ngel Pichetto, para \u00abunificar criterios\u00bb sobre la distribuci\u00f3n de la coparticipaci\u00f3n federal.<\/p>\n<p>Entre los mandatarios que se descuenta la presencia figuran Sergio Casas (La Rioja), Gustavo Bordet (Entre R\u00edos), Carlos Verna (La Pampa) y Rosana Bertone (Tierra del Fuego).\u00a0Adem\u00e1s de los gobernadores, participar\u00e1n los diputados del Bloque Justicialista, que preside Oscar Romero (Smata) e integran, entre otros, el ex titular de la Anses Diego Bossio.<\/p>\n<p>Luego, los gobernadores se trasladar\u00e1n a la Casa Rosada<\/p>\n<p><strong>Necesidad de apoyo legislativo<\/strong><\/p>\n<p>La reuni\u00f3n convocada por el Gobierno para hoy fue producto de un encuentro entre gobernadores peronistas que tras el discurso de Macri ante la Asamblea Legislativa, unificaron criterios sobre el reclamo por la distribuci\u00f3n de recursos y pidieron una audiencia con Macri.<\/p>\n<p>Desde la cartera del Interior ratificaron que la intenci\u00f3n del oficialismo es \u00abya poner en marcha el decreto en el que se estableci\u00f3 el nuevo consejo para discutir la coparticipaci\u00f3n\u00bb.<\/p>\n<p>Hace quince d\u00edas, el Gobierno emiti\u00f3 un decreto que lanzaba el programa \u201cAcuerdo para el Nuevo Federalismo\u201d con el objetivo de alcanzar una nueva propuesta en el reparto de coparticipaci\u00f3n para las provincias y reemplazar as\u00ed al actual esquema que establece una detracci\u00f3n del 15% para los estados provinciales fijado en 1992.<\/p>\n<p>Esta discusi\u00f3n es clave para el Gobierno porque se da en paralelo con la necesidad de apoyo legislativo -en la que la voluntad de los gobernadores ajenos a Cambiemos es esencial- para aprobar los cambios en la ley Cerrojo y conseguir respaldo a la resoluci\u00f3n del litigio con los fondos buitre.<\/p>\n<h6>Fuente:\u00a0infonews.com<\/h6>\n","protected":false},"excerpt":{"rendered":"<p>La reuni\u00f3n, convocada para las 11.30, es clave para la administraci\u00f3n de Macri porque se da en paralelo con la necesidad de apoyo legislativo a la resoluci\u00f3n del litigio con los fondos buitre. Previamente, a las 9, habr\u00e1 una cumbre peronista en la Casa de Salta. El ministro del Interior, Obras P\u00fablicas y Vivienda, Rogelio<\/p>\n","protected":false},"author":2,"featured_media":44337,"comment_status":"closed","ping_status":"closed","sticky":false,"template":"","format":"standard","meta":{"footnotes":""},"categories":[8],"tags":[21],"class_list":["post-44336","post","type-post","status-publish","format-standard","has-post-thumbnail","hentry","category-informe-nacional","tag-argentina"],"_links":{"self":[{"href":"http:\/\/argentinamunicipal.com.ar\/argentina\/wp-json\/wp\/v2\/posts\/44336","targetHints":{"allow":["GET"]}}],"collection":[{"href":"http:\/\/argentinamunicipal.com.ar\/argentina\/wp-json\/wp\/v2\/posts"}],"about":[{"href":"http:\/\/argentinamunicipal.com.ar\/argentina\/wp-json\/wp\/v2\/types\/post"}],"author":[{"embeddable":true,"href":"http:\/\/argentinamunicipal.com.ar\/argentina\/wp-json\/wp\/v2\/users\/2"}],"replies":[{"embeddable":true,"href":"http:\/\/argentinamunicipal.com.ar\/argentina\/wp-json\/wp\/v2\/comments?post=44336"}],"version-history":[{"count":0,"href":"http:\/\/argentinamunicipal.com.ar\/argentina\/wp-json\/wp\/v2\/posts\/44336\/revisions"}],"wp:featuredmedia":[{"embeddable":true,"href":"http:\/\/argentinamunicipal.com.ar\/argentina\/wp-json\/wp\/v2\/media\/44337"}],"wp:attachment":[{"href":"http:\/\/argentinamunicipal.com.ar\/argentina\/wp-json\/wp\/v2\/media?parent=44336"}],"wp:term":[{"taxonomy":"category","embeddable":true,"href":"http:\/\/argentinamunicipal.com.ar\/argentina\/wp-json\/wp\/v2\/categories?post=44336"},{"taxonomy":"post_tag","embeddable":true,"href":"http:\/\/argentinamunicipal.com.ar\/argentina\/wp-json\/wp\/v2\/tags?post=44336"}],"curies":[{"name":"wp","href":"https:\/\/api.w.org\/{rel}","templated":true}]}}