{"id":44340,"date":"2016-03-10T08:14:09","date_gmt":"2016-03-10T11:14:09","guid":{"rendered":"http:\/\/argentinamunicipal.com.ar\/argentina\/?p=44340"},"modified":"2016-03-16T08:32:14","modified_gmt":"2016-03-16T11:32:14","slug":"golpes-e-insultos-los-despedidos","status":"publish","type":"post","link":"http:\/\/argentinamunicipal.com.ar\/argentina\/golpes-e-insultos-los-despedidos\/","title":{"rendered":"Golpes e insultos para los despedidos"},"content":{"rendered":"<p><a href=\"http:\/\/argentinamunicipal.com.ar\/argentina\/wp-content\/uploads\/2016\/03\/conectar-igualdad-despidos.jpg\"><img loading=\"lazy\" decoding=\"async\" class=\"aligncenter  wp-image-44341\" src=\"http:\/\/argentinamunicipal.com.ar\/argentina\/wp-content\/uploads\/2016\/03\/conectar-igualdad-despidos.jpg\" alt=\"conectar-igualdad-despidos\" width=\"679\" height=\"382\" srcset=\"http:\/\/argentinamunicipal.com.ar\/argentina\/wp-content\/uploads\/2016\/03\/conectar-igualdad-despidos.jpg 960w, http:\/\/argentinamunicipal.com.ar\/argentina\/wp-content\/uploads\/2016\/03\/conectar-igualdad-despidos-300x169.jpg 300w, http:\/\/argentinamunicipal.com.ar\/argentina\/wp-content\/uploads\/2016\/03\/conectar-igualdad-despidos-768x432.jpg 768w\" sizes=\"auto, (max-width: 679px) 100vw, 679px\" \/><\/a><br \/>\nFueron a pedir su reincorporaci\u00f3n frente al Ministerio de Educaci\u00f3n y se encontraron con un violento operativo de seguridad. Denunciaron agresiones f\u00edsicas y verbales, y que fueron fotografiados por personal civil.<\/p>\n<p>Los trabajadores despedidos del programa Conectar Igualdad fueron ayer al Ministerio de Educaci\u00f3n para pedir su reincorporaci\u00f3n y terminaron golpeados, insultados y fotografiados por personal civil en un intimidatorio operativo policial propio de un r\u00e9gimen dictatorial. Muchos de sus compa\u00f1eros \u2013aquellos que todav\u00eda conservan sus puestos en la cartera de Esteban Bullrich\u2013 se vieron privados de solidarizarse con los cesanteados porque les cerraron el acceso al Palacio Sarmiento para que no se sumaran al acto que se realizaba a sus puertas. Hubo mujeres golpeadas. Al delegado del programa, Iv\u00e1n Kondratzky, le rompieron su tel\u00e9fono celular de un palazo. Tambi\u00e9n result\u00f3 agredido el secretario general de la junta interna de ATE en el ministerio, Rodrigo Recalde. El discurso de una trabajadora despedida, Florencia Alvarez, tuvo que interrumpirse por la represi\u00f3n, en el marco de una actividad que los despedidos definieron como \u201cleg\u00edtima y pac\u00edfica\u201d.<\/p>\n<p>El dispositivo de la Polic\u00eda Federal que se mont\u00f3 en el acceso del ministerio por Marcelo T. de Alvear \u201cfue planificado, no se improvis\u00f3. Hab\u00eda unos veinte efectivos y tenemos filmado a uno con el arma reglamentaria, adem\u00e1s del personal vestido de civil que apareci\u00f3 en varias motos\u201d, dijo Marcos Dom\u00ednguez, uno de los 60 despedidos del equipo central del programa que todav\u00eda permanece en su lugar de trabajo, en un edificio muy pr\u00f3ximo al ministerio, sobre la avenida Callao.<\/p>\n<p>Sucede que a este personal contratado todav\u00eda se lo mantiene en un limbo. No se les asigna tareas a sus integrantes, se les informaron sus despidos en forma verbal el 3 de marzo pasado y no cobran sus salarios desde enero cuando ten\u00edan contratos hasta mayo pr\u00f3ximo. Cuando ayer se presentaron en el Palacio Sarmiento para intentar que les dieran una respuesta a su reclamo, el personal de seguridad les impidi\u00f3 el ingreso. En todos los casos, las cesant\u00edas se las comunicaron dos coordinadoras del programa. Entre los trabajadores afectados por la medida de Bullrich hay profesionales de distintas especialidades (soci\u00f3logos, fil\u00f3sofos, docentes) y personal administrativo.<\/p>\n<p>Todos ellos hab\u00edan planificado un acto a metros del hall de ingreso que tiene el ministerio. Desde la ma\u00f1ana, ya no se les permit\u00eda entrar. El personal de seguridad estaba sobre aviso. La actividad hab\u00eda sido difundida por los medios. Pero a la prohibici\u00f3n de ingreso al edificio, se agreg\u00f3 por la tarde el bloqueo del acceso para salir. Por eso, los trabajadores denunciaron en un comunicado que \u201clos funcionarios del ministro Esteban Bullrich, a trav\u00e9s de un cord\u00f3n policial, privaron ileg\u00edtimamente de la libertad a una inmensa cantidad de compa\u00f1eros del Palacio Sarmiento que quer\u00edan solidarizarse con nuestro reclamo\u201d.<\/p>\n<p>Dom\u00ednguez describi\u00f3: \u201cNo entraba ni sal\u00eda nadie. Y a los que estaban adentro del ministerio les dec\u00edan: \u2018si sal\u00eds, no volv\u00e9s a entrar\u2019\u201d. Mientras esto ocurr\u00eda, se juntaron unas 400 personas en el lugar. A los despedidos los acompa\u00f1aban referentes de ATE, los gremios docentes de UTE y Suteba, la FES y otras organizaciones que respaldan el reclamo de reincorporaci\u00f3n y cuestionan el desmantelamiento del programa educativo. Estuvieron los gremialistas docentes Eduardo L\u00f3pez y Roberto Baradel y el dirigente de izquierda Alejandro Bodart.<\/p>\n<p>Cuando Florencia Alvarez, una de las trabajadoras de Conectar Igualdad, estaba leyendo un comunicado donde recordaba que \u201cel presidente Mauricio Macri dijo en su cuenta de Twitter que sue\u00f1a con poner computadoras desde primer grado en todo el pa\u00eds para que los chicos tengan las mismas oportunidades\u201d, el operativo pas\u00f3 a la faz represiva. Los despedidos denunciaron que sobre el acceso de la calle Marcelo T. de Alvear \u201cel mismo cord\u00f3n policial se utiliz\u00f3 para reprimir a los que nos encontr\u00e1bamos afuera, dejando como saldo manifestantes heridos, compa\u00f1eras violentadas con forcejeos, empujones y otros m\u00e9todos utilizados para increparlas. A una de ellas le dijeron: \u2018Si fueras chab\u00f3n te recontra cagar\u00eda a trompadas\u2019\u201d.<\/p>\n<p>Los trabajadores le contaron a P\u00e1gina\/12 que eval\u00faan la posibilidad de presentar denuncias penales bajo la figura de privaci\u00f3n ileg\u00edtima de la libertad contra los funcionarios p\u00fablicos que participaron del operativo.<\/p>\n<p>El comunicado de los despedidos se sigui\u00f3 leyendo media hora despu\u00e9s de que fuera interrumpido. Un pu\u00f1ado de oradores cerr\u00f3 la actividad, entre ellos, Eduardo L\u00f3pez, de UTE y un joven de la Federaci\u00f3n de Estudiantes Secundarios (FES). A esa altura, varios de los presentes se repon\u00edan de los golpes, sofocones y agresiones recibidas en la puerta del Ministerio de Educaci\u00f3n. Ning\u00fan funcionario hab\u00eda salido desde su interior para dar explicaciones. Los trabajadores sintetizaron esa ausencia en una frase: \u201cBullrich habla s\u00f3lo por los medios, no lo hace con nosotros\u201d.<\/p>\n<h6>Fuente: P\u00e1gina 12<\/h6>\n","protected":false},"excerpt":{"rendered":"<p>Fueron a pedir su reincorporaci\u00f3n frente al Ministerio de Educaci\u00f3n y se encontraron con un violento operativo de seguridad. Denunciaron agresiones f\u00edsicas y verbales, y que fueron fotografiados por personal civil.<\/p>\n","protected":false},"author":2,"featured_media":44341,"comment_status":"closed","ping_status":"closed","sticky":false,"template":"","format":"standard","meta":{"footnotes":""},"categories":[4],"tags":[12],"class_list":["post-44340","post","type-post","status-publish","format-standard","has-post-thumbnail","hentry","category-informe-politico","tag-buenos-aires"],"_links":{"self":[{"href":"http:\/\/argentinamunicipal.com.ar\/argentina\/wp-json\/wp\/v2\/posts\/44340","targetHints":{"allow":["GET"]}}],"collection":[{"href":"http:\/\/argentinamunicipal.com.ar\/argentina\/wp-json\/wp\/v2\/posts"}],"about":[{"href":"http:\/\/argentinamunicipal.com.ar\/argentina\/wp-json\/wp\/v2\/types\/post"}],"author":[{"embeddable":true,"href":"http:\/\/argentinamunicipal.com.ar\/argentina\/wp-json\/wp\/v2\/users\/2"}],"replies":[{"embeddable":true,"href":"http:\/\/argentinamunicipal.com.ar\/argentina\/wp-json\/wp\/v2\/comments?post=44340"}],"version-history":[{"count":0,"href":"http:\/\/argentinamunicipal.com.ar\/argentina\/wp-json\/wp\/v2\/posts\/44340\/revisions"}],"wp:featuredmedia":[{"embeddable":true,"href":"http:\/\/argentinamunicipal.com.ar\/argentina\/wp-json\/wp\/v2\/media\/44341"}],"wp:attachment":[{"href":"http:\/\/argentinamunicipal.com.ar\/argentina\/wp-json\/wp\/v2\/media?parent=44340"}],"wp:term":[{"taxonomy":"category","embeddable":true,"href":"http:\/\/argentinamunicipal.com.ar\/argentina\/wp-json\/wp\/v2\/categories?post=44340"},{"taxonomy":"post_tag","embeddable":true,"href":"http:\/\/argentinamunicipal.com.ar\/argentina\/wp-json\/wp\/v2\/tags?post=44340"}],"curies":[{"name":"wp","href":"https:\/\/api.w.org\/{rel}","templated":true}]}}