{"id":44346,"date":"2016-03-11T06:40:28","date_gmt":"2016-03-11T09:40:28","guid":{"rendered":"http:\/\/argentinamunicipal.com.ar\/argentina\/?p=44346"},"modified":"2016-03-11T06:40:28","modified_gmt":"2016-03-11T09:40:28","slug":"intendentes-peronistas-buenos-aires-pidieron-al-gobierno-ampliar-la-tarifa-social-ongs-barriales","status":"publish","type":"post","link":"http:\/\/argentinamunicipal.com.ar\/argentina\/intendentes-peronistas-buenos-aires-pidieron-al-gobierno-ampliar-la-tarifa-social-ongs-barriales\/","title":{"rendered":"Intendentes peronistas de Buenos Aires pidieron al Gobierno ampliar la tarifa social a ONGs barriales"},"content":{"rendered":"<p><a href=\"http:\/\/argentinamunicipal.com.ar\/argentina\/wp-content\/uploads\/2016\/03\/20160310163347_intendentespj.jpg\"><img loading=\"lazy\" decoding=\"async\" class=\"aligncenter size-full wp-image-44347\" src=\"http:\/\/argentinamunicipal.com.ar\/argentina\/wp-content\/uploads\/2016\/03\/20160310163347_intendentespj.jpg\" alt=\"20160310163347_intendentespj\" width=\"620\" height=\"340\" srcset=\"http:\/\/argentinamunicipal.com.ar\/argentina\/wp-content\/uploads\/2016\/03\/20160310163347_intendentespj.jpg 620w, http:\/\/argentinamunicipal.com.ar\/argentina\/wp-content\/uploads\/2016\/03\/20160310163347_intendentespj-300x165.jpg 300w\" sizes=\"auto, (max-width: 620px) 100vw, 620px\" \/><\/a><br \/>\nKAtopodis, Insaurralde, Gray, De Jes\u00fas, Sujarchuk y Nardini se reunieron con la ministra de Desarrollo Social. Quieren que clubes, comedores, bibliotecas y centros comunitarios se vean beneficiados por la tarifa social de energ\u00eda el\u00e9ctrica.<\/p>\n<p>El grupo de intendentes bonaerenses del FpV que muestra m\u00e1s di\u00e1logo con el Gobierno nacional se reuni\u00f3 hoy con la ministra de Desarrollo Social, Carolina Stanley, para plantearle que clubes, bibliotecas y centros culturales sean alcanzados por la tarifa social de energ\u00eda el\u00e9ctrica.<\/p>\n<p>El intendente de San Mart\u00edn, Gabriel Katopodis, explic\u00f3 que \u201cexisten muchos sectores vulnerables que est\u00e1n excluidos en la tarifa social del gobierno\u201d y destac\u00f3 que esas ONG \u201crealizan tareas sociales\u201d y que \u201choy est\u00e1n sufriendo el fuerte impacto del aumento de tarifas\u201d.<\/p>\n<p>\u201cPlanteamos a la Ministra nuestra preocupaci\u00f3n y la necesidad de generar una mesa de trabajo que identifique estas necesidades que no se contemplaron. Estamos proponiendo una nueva tarifa social acorde a las realidades de las instituciones que todos los d\u00edas contienen a nuestros vecinos\u201d, agreg\u00f3.<\/p>\n<p>Del encuentro, tambi\u00e9n participaron los intendentes de Lomas de Zamora, Mart\u00edn Insaurralde; Esteban Echeverr\u00eda, Fernando Gray; Partido de la Costa, Juan Pablo de Jes\u00fas; Escobar, Ariel Sujarchuk; y Malvinas Argentinas, Leonardo Nardini.<\/p>\n<h6>Fuente: InfoCielo<\/h6>\n","protected":false},"excerpt":{"rendered":"<p>KAtopodis, Insaurralde, Gray, De Jes\u00fas, Sujarchuk y Nardini se reunieron con la ministra de Desarrollo Social. Quieren que clubes, comedores, bibliotecas y centros comunitarios se vean beneficiados por la tarifa social de energ\u00eda el\u00e9ctrica. El grupo de intendentes bonaerenses del FpV que muestra m\u00e1s di\u00e1logo con el Gobierno nacional se reuni\u00f3 hoy con la ministra<\/p>\n","protected":false},"author":2,"featured_media":44347,"comment_status":"closed","ping_status":"closed","sticky":false,"template":"","format":"standard","meta":{"footnotes":""},"categories":[4],"tags":[12],"class_list":["post-44346","post","type-post","status-publish","format-standard","has-post-thumbnail","hentry","category-informe-politico","tag-buenos-aires"],"_links":{"self":[{"href":"http:\/\/argentinamunicipal.com.ar\/argentina\/wp-json\/wp\/v2\/posts\/44346","targetHints":{"allow":["GET"]}}],"collection":[{"href":"http:\/\/argentinamunicipal.com.ar\/argentina\/wp-json\/wp\/v2\/posts"}],"about":[{"href":"http:\/\/argentinamunicipal.com.ar\/argentina\/wp-json\/wp\/v2\/types\/post"}],"author":[{"embeddable":true,"href":"http:\/\/argentinamunicipal.com.ar\/argentina\/wp-json\/wp\/v2\/users\/2"}],"replies":[{"embeddable":true,"href":"http:\/\/argentinamunicipal.com.ar\/argentina\/wp-json\/wp\/v2\/comments?post=44346"}],"version-history":[{"count":0,"href":"http:\/\/argentinamunicipal.com.ar\/argentina\/wp-json\/wp\/v2\/posts\/44346\/revisions"}],"wp:featuredmedia":[{"embeddable":true,"href":"http:\/\/argentinamunicipal.com.ar\/argentina\/wp-json\/wp\/v2\/media\/44347"}],"wp:attachment":[{"href":"http:\/\/argentinamunicipal.com.ar\/argentina\/wp-json\/wp\/v2\/media?parent=44346"}],"wp:term":[{"taxonomy":"category","embeddable":true,"href":"http:\/\/argentinamunicipal.com.ar\/argentina\/wp-json\/wp\/v2\/categories?post=44346"},{"taxonomy":"post_tag","embeddable":true,"href":"http:\/\/argentinamunicipal.com.ar\/argentina\/wp-json\/wp\/v2\/tags?post=44346"}],"curies":[{"name":"wp","href":"https:\/\/api.w.org\/{rel}","templated":true}]}}