{"id":44349,"date":"2016-03-11T06:00:35","date_gmt":"2016-03-11T09:00:35","guid":{"rendered":"http:\/\/argentinamunicipal.com.ar\/argentina\/?p=44349"},"modified":"2016-03-11T06:46:53","modified_gmt":"2016-03-11T09:46:53","slug":"intendente-25-mayo-se-quejo-la-comunicacion-gobierno-no-esta-siendo-efectiva","status":"publish","type":"post","link":"http:\/\/argentinamunicipal.com.ar\/argentina\/intendente-25-mayo-se-quejo-la-comunicacion-gobierno-no-esta-siendo-efectiva\/","title":{"rendered":"El\u00a0intendente de 25 de Mayo se quej\u00f3 porque \u201cla comunicaci\u00f3n con el Gobierno no est\u00e1 siendo efectiva\u201d"},"content":{"rendered":"<p><a href=\"http:\/\/argentinamunicipal.com.ar\/argentina\/wp-content\/uploads\/2016\/03\/Hernan-Ralinqueo-25-de-mayo.jpg\"><img loading=\"lazy\" decoding=\"async\" class=\"aligncenter size-full wp-image-44350\" src=\"http:\/\/argentinamunicipal.com.ar\/argentina\/wp-content\/uploads\/2016\/03\/Hernan-Ralinqueo-25-de-mayo.jpg\" alt=\"Hernan-Ralinqueo-25-de-mayo\" width=\"600\" height=\"398\" srcset=\"http:\/\/argentinamunicipal.com.ar\/argentina\/wp-content\/uploads\/2016\/03\/Hernan-Ralinqueo-25-de-mayo.jpg 600w, http:\/\/argentinamunicipal.com.ar\/argentina\/wp-content\/uploads\/2016\/03\/Hernan-Ralinqueo-25-de-mayo-300x199.jpg 300w\" sizes=\"auto, (max-width: 600px) 100vw, 600px\" \/><\/a><br \/>\nEl intendente de 25 de Mayo, Hern\u00e1n Ralinqueo, record\u00f3 hoy que \u201cdesde diciembre\u201d intenta que el Gobierno bonaerense se comprometa a continuar la obra de la Ruta Provincial 40, tal como lo anunci\u00f3 en campa\u00f1a. Si bien el jefe comunal reconoci\u00f3 que desde su gesti\u00f3n est\u00e1n \u201cbastante cargosos\u201d con las solicitudes sobre el tema, dijo, \u201cla comunicaci\u00f3n no est\u00e1 siendo efectiva\u201d.<\/p>\n<p>\u201cDesde diciembre venimos insistiendo fuertemente por las obras de la Ruta 40. Llamamos a la gobernadora y mantenemos un contacto con el \u00e1rea de asuntos municipales, nos contestan, pero la verdad que la comunicaci\u00f3n no est\u00e1 siendo efectiva\u201d, precis\u00f3 el jefe comunal del Frente para la Victoria en di\u00e1logo con INFOCIELO.<\/p>\n<p>En este sentido, Ralinqueo si bien reconoci\u00f3 que la obra de refacci\u00f3n del camino de 238 kil\u00f3metros que une la estaci\u00f3n de ferrocarril de Merlo con el paraje Norumbega, en 9 de Julio, \u201cest\u00e1n paradas hace aproximadamente un a\u00f1o y medio\u201d, agreg\u00f3 que \u201ces importante que se termine porque es algo muy importante para la econom\u00eda de la regi\u00f3n\u201d.<\/p>\n<p>\u201cLa ruta fue pensada como un corredor productivo (que une seis distritos), por lo que nosotros tenemos un gran impacto econ\u00f3mico si tenemos la obra parada. Ahora los vecinos de Norberto de la Riesta van a comprar a Chivilcoy\u201d, ejemplific\u00f3 el intendente.<\/p>\n<p>Es que, al parecer, los ciudadanos de Norberto de la Riesta deciden tomar la Ruta 30, un camino pavimentado hacia el distrito vecino de Chivilcoy, y no la ruta provincial 40 que a\u00fan es de tierra para dirigirse a la cabecera comunal.<\/p>\n<p>\u201cEcon\u00f3micamente tiene un impacto negativo hace muchos a\u00f1os. Es por eso que en 2007 N\u00e9stor (Kirchner) anunci\u00f3 su remodelaci\u00f3n, se ejecut\u00f3 y luego se trab\u00f3. De todos modos hay un avance importante en la primera parte, pero como la gobernadora se comprometi\u00f3 en campa\u00f1a a terminarla estamos esperando esa respuesta\u201d, cont\u00f3 Ralinqueo.<\/p>\n<h6>Fuente: InfoCielo<\/h6>\n","protected":false},"excerpt":{"rendered":"<p>El intendente de 25 de Mayo, Hern\u00e1n Ralinqueo, record\u00f3 hoy que \u201cdesde diciembre\u201d intenta que el Gobierno bonaerense se comprometa a continuar la obra de la Ruta Provincial 40, tal como lo anunci\u00f3 en campa\u00f1a. Si bien el jefe comunal reconoci\u00f3 que desde su gesti\u00f3n est\u00e1n \u201cbastante cargosos\u201d con las solicitudes sobre el tema, dijo,<\/p>\n","protected":false},"author":2,"featured_media":44350,"comment_status":"closed","ping_status":"closed","sticky":false,"template":"","format":"standard","meta":{"footnotes":""},"categories":[4],"tags":[12],"class_list":["post-44349","post","type-post","status-publish","format-standard","has-post-thumbnail","hentry","category-informe-politico","tag-buenos-aires"],"_links":{"self":[{"href":"http:\/\/argentinamunicipal.com.ar\/argentina\/wp-json\/wp\/v2\/posts\/44349","targetHints":{"allow":["GET"]}}],"collection":[{"href":"http:\/\/argentinamunicipal.com.ar\/argentina\/wp-json\/wp\/v2\/posts"}],"about":[{"href":"http:\/\/argentinamunicipal.com.ar\/argentina\/wp-json\/wp\/v2\/types\/post"}],"author":[{"embeddable":true,"href":"http:\/\/argentinamunicipal.com.ar\/argentina\/wp-json\/wp\/v2\/users\/2"}],"replies":[{"embeddable":true,"href":"http:\/\/argentinamunicipal.com.ar\/argentina\/wp-json\/wp\/v2\/comments?post=44349"}],"version-history":[{"count":0,"href":"http:\/\/argentinamunicipal.com.ar\/argentina\/wp-json\/wp\/v2\/posts\/44349\/revisions"}],"wp:featuredmedia":[{"embeddable":true,"href":"http:\/\/argentinamunicipal.com.ar\/argentina\/wp-json\/wp\/v2\/media\/44350"}],"wp:attachment":[{"href":"http:\/\/argentinamunicipal.com.ar\/argentina\/wp-json\/wp\/v2\/media?parent=44349"}],"wp:term":[{"taxonomy":"category","embeddable":true,"href":"http:\/\/argentinamunicipal.com.ar\/argentina\/wp-json\/wp\/v2\/categories?post=44349"},{"taxonomy":"post_tag","embeddable":true,"href":"http:\/\/argentinamunicipal.com.ar\/argentina\/wp-json\/wp\/v2\/tags?post=44349"}],"curies":[{"name":"wp","href":"https:\/\/api.w.org\/{rel}","templated":true}]}}